{"id":8394,"date":"2021-09-09T09:33:49","date_gmt":"2021-09-09T07:33:49","guid":{"rendered":"https:\/\/www.diedruckerei.de\/magazin\/?p=8394"},"modified":"2025-04-29T08:31:01","modified_gmt":"2025-04-29T06:31:01","slug":"adventskalender-gestalten-kostenlose-druckvorlagen","status":"publish","type":"post","link":"https:\/\/de.onlineprinters.ch\/magazin\/adventskalender-gestalten-kostenlose-druckvorlagen\/","title":{"rendered":"Adventskalender gestalten \u2013 kostenlose Vorlagen und Designpaket"},"content":{"rendered":"<p>Als Weihnachtsgeschenk f\u00fcr Kunden sind Firmen-Adventskalender eine gelungene Abwechslung, die in der F\u00fclle an Weihnachtsgeschenken nicht untergehen. Hinter jedem T\u00fcrchen verbirgt sich klassischerweise Schokolade, die den Beschenkten bereits die Vorweihnachtszeit vers\u00fc\u00dft. Hier finden Sie kostenlose Druckvorlagen und Designtipps sowie Inspirationen und Motive f\u00fcr individuelle Weihnachtsdesigns.<br \/>\n<!--more--><\/p>\n<p>Wenn Sie Adventskalender gestalten und anschlie\u00dfend drucken m\u00f6chten, m\u00fcssen Sie einiges beachten. Um Ihnen den Druck zu erleichtern, haben wir <a href=\"#druckvorlagen\"> kostenlose Designvorlagen<\/a> als druckfertige PDFs erstellt, die Sie nach Ihren W\u00fcnschen individualisieren k\u00f6nnen. Im <a href=\"#designpaket\">Designpaket<\/a> finden Sie weitere Weihnachtsmotive wie Handletterings, Sketchnotes, klassisch-winterliche Fotos oder s\u00fc\u00dfe Alpaka-Illustrationen. Ob im edlen Look oder gewagt, verspielt \u2013 mit diesen Weihnachtsdesigns bleiben Sie und Ihre Marke pr\u00e4sent in den K\u00f6pfen der Beschenkten.<\/p>\n<p><strong>Inhalt<\/strong><\/p>\n<ul>\n<li><a href=\"#motiv\">Motivwahl bei Adventskalendern<\/a><\/li>\n<li><a href=\"#tipps\">Designtipps f\u00fcr die Gestaltung von Adventskalendern<\/a><\/li>\n<li><a href=\"#arten\">Arten von Adventskalendern<\/a><\/li>\n<li><a href=\"#druckvorlagen\">Kostenlose Druckvorlagen f\u00fcr Adventskalender<\/a><\/li>\n<li><a href=\"#paket\">Weihnachtliche Designpakete<\/a><\/li>\n<\/ul>\n<p><a name=\"motiv\"><\/a><\/p>\n<h2>Adventskalender gestalten und die Wahl des Motivs<\/h2>\n<p>Damit Ihre Adventskalender zwischen den \u00fcblichen Weihnachtskalendern hervorstechen, versuchen Sie f\u00fcr den Hintergrund ein ansprechendes und nicht zu abgedroschenes Bild zu w\u00e4hlen.<\/p>\n<h3>Illustrierte Kalender und Fotoadventskalender<\/h3>\n<p>Adventskalender mit Grafiken sind beliebt. Hier kann man vor allem gut mit weihnachtlichen Farben spielen und das Motiv beispielsweise von Jahr zu Jahr an die neuen Trendfarben anpassen. Au\u00dferdem lassen sich darin auch viele kleine Hinweise verstecken: Wenn Sie zum Beispiel ein Weihnachtsdorf auf Ihrem Adventskalender abbilden, k\u00f6nnen Sie neben Weihnachtsb\u00e4ckerei und Tannenbaum auch Ihr Unternehmen verewigen. Setzen Sie Ihre Produkte oder Dienstleistung spielerisch auf der Illustration in Szene.<\/p>\n<figure id=\"attachment_15004\" aria-describedby=\"caption-attachment-15004\" style=\"width: 300px\" class=\"wp-caption alignright\"><a href=\"https:\/\/www.onlineprinters.de\/magazin\/wp-content\/uploads\/2018\/10\/pexels-photo-1128976.jpeg\"><img loading=\"lazy\" decoding=\"async\" class=\"td-modal-image wp-image-15004 size-medium\" src=\"https:\/\/www.onlineprinters.de\/magazin\/wp-content\/uploads\/2018\/10\/pexels-photo-1128976-300x215.jpeg\" alt=\"Adventskalendermotiv: Hei\u00dfe Schokolade\" width=\"300\" height=\"215\" \/><\/a><figcaption id=\"caption-attachment-15004\" class=\"wp-caption-text\">Auch winterliche Motive k\u00f6nnen Weihnachtsstimmung wecken<\/figcaption><\/figure>\n<p>Ebenfalls gerne gesehen sind Fotoadventskalender. Vor allem Fotos, die weihnachtliche Assoziationen wecken, aber nicht direkt einen wei\u00dfb\u00e4rtigen Weihnachtsmann oder den festlich geschm\u00fcckten Weihnachtsbaum im gl\u00e4nzenden Schimmer abbilden, \u00fcberzeugen. So zum Beispiel auch bei dieser Kakaotasse mit Marshmallow-Topping, bei deren Anblick man gleich das Kaminfeuer knistern h\u00f6rt und die Schneeflocken drau\u00dfen fliegen sieht.<\/p>\n<p>Wenn es pers\u00f6nlicher werden soll, k\u00f6nnen Sie f\u00fcr Ihre Fotoadventskalender nat\u00fcrlich auch Bilder von Ihrem Team oder dem Standort nehmen.<\/p>\n<h3>Tierische Unterst\u00fctzung<\/h3>\n<p><img loading=\"lazy\" decoding=\"async\" class=\"size-medium wp-image-15226 alignright\" src=\"https:\/\/www.onlineprinters.de\/magazin\/wp-content\/uploads\/2018\/10\/Alpaka2_Zeichenfl\u00e4che-1-300x169.jpg\" alt=\"Alpaka2_Zeichenfl\u00e4che 1\" width=\"300\" height=\"169\" \/>Alle Jahre wieder sieht man in den Superm\u00e4rkten auch Weihnachtskalender mit illustrierten Tieren. Vierbeiner werden gerne f\u00fcr die Vermarktung eingesetzt. Mehr \u00fcber das Cute Marketing nach dem Kindchenschema lesen Sie in unserem Artikel \u201e<a href=\"https:\/\/www.onlineprinters.de\/magazin\/tierisches-marketing\/\" target=\"_blank\" rel=\"noopener noreferrer\">Tierisches Marketing: Lama, Flamingo &amp; Co. als Werbebotschafter<\/a>\u201c. Das funktioniert auch zu Weihnachten: Mit einer roten Bommelm\u00fctze auf dem Kopf werden so auch Haus- und Trendtiere wie Einhorn, Faultier oder Alpaka zu Weihnachtsbotschaftern und festlichen Werbehelden.<\/p>\n<h3>Mit Handlettering und anderen Fonts Adventskalender gestalten<\/h3>\n<p><img loading=\"lazy\" decoding=\"async\" class=\"size-medium wp-image-15204 alignright\" src=\"https:\/\/www.onlineprinters.de\/magazin\/wp-content\/uploads\/2018\/10\/Motiv12-300x212.jpg\" alt=\"Adventskalender gestalten: Handlettering Motiv\" width=\"300\" height=\"212\" \/>Wir sind echte <a href=\"https:\/\/de.onlineprinters.ch\/magazin\/handlettering-hannah-rabenstein\/\" target=\"_blank\" rel=\"noopener noreferrer\">Handlettering-Fans<\/a>. Umso besser, dass sich das auch gut f\u00fcr weihnachtliche Druckprodukte eignet. Handlettering-Schriftz\u00fcge wirken sehr kreativ, frech und lebendig. Durch die typischen Verzierungen um den Schriftzug herum, kann ein Motiv fl\u00e4chig den Hintergrund Ihrer Adventskalender f\u00fcllen. Neben Handlettering eignen sich auch viele andere <a href=\"https:\/\/de.onlineprinters.ch\/magazin\/christmas-fonts\/\" target=\"_blank\" rel=\"noopener noreferrer\">Christmas Fonts<\/a>, die kostenlos und zur kommerziellen Nutzung, zum Download bereitstehen. F\u00fcr Gru\u00dfbotschaften im Vordergrund machen zudem schlichte d\u00fcnne Schriftarten mit Serifen einen eher gelassenen und stilvollen Eindruck.<\/p>\n<h2>Tipps f\u00fcr ein gelungenes Design<\/h2>\n<p><img loading=\"lazy\" decoding=\"async\" class=\"wp-image-8454 alignleft\" src=\"https:\/\/de.onlineprinters.ch\/magazin\/wp-content\/uploads\/2019\/09\/Tueren_200.jpg\" alt=\"Nahaufnahme zweier Abschnitte: Der obere Teil zeigt schwarze Kalligrafie mit rosa Rand und der Zahl 15, die an einen Adventskalender erinnert. Der untere Teil zeigt \u00fcppiges gr\u00fcnes Laub, ebenfalls rosa umrandet und mit der Zahl 10 gekennzeichnet.\" width=\"200\" height=\"200\" \/><\/p>\n<p>Haben Sie sich f\u00fcr ein Foto, eine Grafik oder einen gro\u00dffl\u00e4chigen Schriftzug als Motiv entschieden, m\u00fcssen Sie dieses richtig platzieren. Dabei sollten Sie stets darauf achten, dass alle Zahlen der T\u00fcrchen gut lesbar sind und sich vom Hintergrund absetzen. F\u00fcr bessere Lesbarkeit k\u00f6nnen Sie mit einer pr\u00e4gnanten Farbwahl die Zahlen sch\u00e4rfer vom Hintergrund trennen oder die Zahlen mit grafischen Elementen wie Sternen oder Schneeflocken hinterlegen. Ein wei\u00dfer Rand um die Zahlen hebt diese ebenfalls vom Hintergrund ab.<\/p>\n<div class=\"custom-background custom-background-dos\">\n<p>Wenn Sie Adventskalender gestalten und als Geschenk f\u00fcr Kunden nutzen wollen, haben Sie die M\u00f6glichkeit, Ihr Branding auf den Kalendern zu platzieren und unterst\u00fctzen so geschickt den Wiedererkennungswert Ihrer Marke.<\/p>\n<\/div>\n<p><a href=\"https:\/\/de.onlineprinters.ch\/magazin\/wp-content\/uploads\/2019\/09\/N\u00e4hrwertangaben-milka-2.jpg\"><img loading=\"lazy\" decoding=\"async\" class=\"td-modal-image alignleft wp-image-14997\" src=\"https:\/\/de.onlineprinters.ch\/magazin\/wp-content\/uploads\/2019\/09\/N\u00e4hrwertangaben-milka-2.jpg\" alt=\"N\u00e4hrwertkennzeichnung in Deutsch f\u00fcr ein 110 g Adventskalender gestalten Produkt. Pro 100 g: 2220 kJ\/530 kcal Energie, 29,5 g Fett, 17,5 g ges\u00e4ttigte Fetts\u00e4uren, 58,5 g Kohlenhydrate, 5,8 g Zucker, 1,8 g Ballaststoffe, 6,4 g Eiwei\u00df, 0,43.\" width=\"200\" height=\"114\" \/><\/a>Je nach F\u00fcllung Ihrer Kalender m\u00fcssen Sie dem Beschenkten ebenfalls schon vor dem \u00d6ffnen der T\u00fcrchen Hinweise auf den Inhalt geben. Die N\u00e4hrwertangabe ist seit zwei Jahren Pflicht. Richten Sie sich dabei am besten nach den vollst\u00e4ndigen Informationen des Inhaltherstellers und platzieren Sie diese leserlich auf der R\u00fcckseite der Kalender. So beugen Sie b\u00f6se Allergiereaktionen bei den Beschenkten vor und diese wichtigen Informationen st\u00f6ren dennoch nicht das Erscheinungsbild der Kalender.<\/p>\n<div class=\"custom-background custom-background-dos\">\n<p>Wenn Sie <a href=\"https:\/\/de.onlineprinters.ch\/k\/adventskalender\">Adventskalender<\/a> bei ONLINEPRINTERS bedrucken lassen, haben wir die N\u00e4hrwertangaben bereits in den Druckvorlagen f\u00fcr Sie platziert, oder \u00fcbernehmen den Druck der R\u00fcckseite vollst\u00e4ndig f\u00fcr Sie. So m\u00fcssen Sie keine rechtlichen Konsequenzen f\u00fcrchten.<\/p>\n<\/div>\n<p><a name=\"tipps\"><\/a><\/p>\n<h2>Mal was anderes \u2013 ausgefallene Firmen-Adventskalender<\/h2>\n<p>Was den konkreten Inhalt der Adventskalender angeht, sind der Phantasie keine Grenzen gesetzt! Ob M\u00fcsli, Gew\u00fcrze, Tees oder Bier. Bei der Auswahl des Inhalts kommen Genussfans jeder Art auf ihre Kosten. Weg vom klassischen essbaren Inhalt gibt es aber auch Kalender mit Kosmetikprodukten, B\u00fcchern, kleinen elektronischen Devices und vielem mehr. Auch hier sollten Sie im Blick haben, was am besten zum Beschenkten passt und was bei Ihrer Auflage und Ihrem Budget m\u00f6glich ist.<\/p>\n<p><img loading=\"lazy\" decoding=\"async\" class=\"alignnone wp-image-34744 size-full\" src=\"https:\/\/de.onlineprinters.ch\/magazin\/wp-content\/uploads\/2021\/09\/PAGE-Artikel3v2.jpg\" alt=\"Eine festliche Szene mit Adventskalender-Gestaltungen in Blau, Rot und Gr\u00fcn, mit Feiertagssymbolen und deutschem Text. Kleine Pralinen liegen verstreut auf einem Holztisch. Ein schneebedecktes Fenster im Hintergrund sorgt f\u00fcr eine winterliche Note.\" width=\"1300\" height=\"744\" \/>Ein beliebter Klassiker bleibt der <strong>Adventskalender mit Schokolade<\/strong>. Doch auch in dieser Sparte k\u00f6nnen Sie ausgefallene Kalender bestellen, zum Beispiel Adventskalender als <a href=\"https:\/\/de.onlineprinters.ch\/p\/adventskalender-blister\" target=\"_blank\" rel=\"noopener noreferrer\">Blister im Taschenformat<\/a>. Oder Sie w\u00e4hlen nummerierte <a href=\"https:\/\/de.onlineprinters.ch\/p\/adventskalender-dekordose\" target=\"_blank\" rel=\"noopener noreferrer\">Schokonaps in ansprechend gestalteten Dosen<\/a>. So hat der Beschenkte auch noch ein Andenken an Ihr Geschenk, wenn die Schokolade l\u00e4ngst aufgegessen ist. Nicht nur in Dekordosen, sondern auch in <a href=\"https:\/\/de.onlineprinters.ch\/p\/adventskalender-spender\" target=\"_blank\" rel=\"noopener noreferrer\">Spendern<\/a> sind die Adventskalender auf den Schreibtischen Ihrer Kunden, Gesch\u00e4ftspartner oder Mitarbeiter echte Hingucker.<br \/>\n<a name=\"druckvorlagen\"><\/a><\/p>\n<h3>Kennen Sie schon unsere Coupon-Adventskalender?<\/h3>\n<p><a href=\"https:\/\/de.onlineprinters.ch\/magazin\/wp-content\/uploads\/2021\/09\/katbild_subimage_Adventskalender_Coupon2.jpg\"><img loading=\"lazy\" decoding=\"async\" class=\"td-modal-image alignleft wp-image-34740 size-medium\" src=\"https:\/\/de.onlineprinters.ch\/magazin\/wp-content\/uploads\/2021\/09\/katbild_subimage_Adventskalender_Coupon2.jpg\" alt=\"Zwei hellblaue Adventskalender mit Weihnachtsb\u00e4umen und fallenden Schneeflocken sowie dem wei\u00dfen Text \u201eFrohe Weihnachten\u201c. Ein kleiner Vogel sitzt in einer der unteren Ecken und verleiht diesem wundersch\u00f6nen Adventskalender-Design eine charmante Note.\" width=\"300\" height=\"256\" \/><\/a>Mit den <a href=\"https:\/\/de.onlineprinters.ch\/k\/coupon-adventskalender\" target=\"_blank\" rel=\"noopener noreferrer\">Coupon-Adventskalender<\/a> wird Freude schenken noch effektiver. Nutzen Sie 24 Mal die M\u00f6glichkeit Gutscheine, Rabatte oder kleine Botschaften hinter den Kalendert\u00fcrchen zu platzieren. Besonders praktisch: Die Coupon-Adventskalender gibt es auch im handlichen <a href=\"https:\/\/de.onlineprinters.ch\/k\/adventskalender-postkarten\" target=\"_blank\" rel=\"noopener noreferrer\">Postkarten-<\/a> und <a href=\"https:\/\/de.onlineprinters.ch\/k\/adventskalender-klappkarten\" target=\"_blank\" rel=\"noopener noreferrer\">Klappkarten-Format<\/a>.<\/p>\n<p>&nbsp;<\/p>\n<p><a name=\"druckvorlagen\"><\/a><\/p>\n<h2>Kostenlose Druckvorlagen f\u00fcr Adventskalender<\/h2>\n\r\n                <style type=\"text\/css\">\r\n                    \r\n                    #tdi_1  .td-doubleSlider-2 .td-item1 {\r\n                        background: url(https:\/\/de.onlineprinters.ch\/magazin\/wp-content\/uploads\/2019\/09\/Winter.jpg) 0 0 no-repeat;\r\n                    }\r\n                    #tdi_1  .td-doubleSlider-2 .td-item2 {\r\n                        background: url(https:\/\/de.onlineprinters.ch\/magazin\/wp-content\/uploads\/2019\/09\/CARxmas-80x60.jpg) 0 0 no-repeat;\r\n                    }\r\n                    #tdi_1  .td-doubleSlider-2 .td-item3 {\r\n                        background: url(https:\/\/de.onlineprinters.ch\/magazin\/wp-content\/uploads\/2019\/09\/Sketchnotes-blau-quer-80x60.png) 0 0 no-repeat;\r\n                    }\r\n                    #tdi_1  .td-doubleSlider-2 .td-item4 {\r\n                        background: url(https:\/\/de.onlineprinters.ch\/magazin\/wp-content\/uploads\/2019\/09\/Sketchnotes-blau-hoch-80x60.png) 0 0 no-repeat;\r\n                    }\r\n                    #tdi_1  .td-doubleSlider-2 .td-item5 {\r\n                        background: url(https:\/\/de.onlineprinters.ch\/magazin\/wp-content\/uploads\/2019\/09\/Sketchnotes-rot-quer-80x60.png) 0 0 no-repeat;\r\n                    }\r\n                    #tdi_1  .td-doubleSlider-2 .td-item6 {\r\n                        background: url(https:\/\/de.onlineprinters.ch\/magazin\/wp-content\/uploads\/2019\/09\/Sketchnotes-rot-hoch-80x60.png) 0 0 no-repeat;\r\n                    }\r\n                <\/style>\r\n\r\n                <div id=\"tdi_1\" class=\"td-gallery td-slide-on-2-columns\">\r\n                    <div class=\"post_td_gallery\">\r\n                        <div class=\"td-gallery-slide-top\">\r\n                           <div class=\"td-gallery-title\"><\/div>\r\n\r\n                            <div class=\"td-gallery-controls-wrapper\">\r\n                                <div class=\"td-gallery-slide-count\"><span class=\"td-gallery-slide-item-focus\">1<\/span> von 6<\/div>\r\n                                <div class=\"td-gallery-slide-prev-next-but\">\r\n                                    <i class = \"td-icon-left doubleSliderPrevButton\"><\/i>\r\n                                    <i class = \"td-icon-right doubleSliderNextButton\"><\/i>\r\n                                <\/div>\r\n                            <\/div>\r\n                        <\/div>\r\n\r\n                        <div class = \"td-doubleSlider-1 \">\r\n                            <div class = \"td-slider\">\r\n                                \r\n                    <div class = \"td-slide-item td-item1\">\r\n                        <figure class=\"td-slide-galery-figure td-slide-popup-gallery\">\r\n                            <a class=\"slide-gallery-image-link\" href=\"https:\/\/de.onlineprinters.ch\/magazin\/wp-content\/uploads\/2019\/09\/Winter.jpg\" title=\"Winter\"  data-caption=\"\"  data-description=\"\">\r\n                                <img decoding=\"async\" src=\"https:\/\/de.onlineprinters.ch\/magazin\/wp-content\/uploads\/2019\/09\/Winter.jpg\" alt=\"\">\r\n                            <\/a>\r\n                            \r\n                        <\/figure>\r\n                    <\/div>\r\n                    <div class = \"td-slide-item td-item2\">\r\n                        <figure class=\"td-modal-image td-slide-galery-figure td-slide-popup-gallery\">\r\n                            <a class=\"slide-gallery-image-link\" href=\"https:\/\/de.onlineprinters.ch\/magazin\/wp-content\/uploads\/2019\/09\/CARxmas.jpg\" title=\"CARxmas\"  data-caption=\"\"  data-description=\"\">\r\n                                <img decoding=\"async\" src=\"https:\/\/de.onlineprinters.ch\/magazin\/wp-content\/uploads\/2019\/09\/CARxmas-594x420.jpg\" srcset=\"https:\/\/de.onlineprinters.ch\/magazin\/wp-content\/uploads\/2019\/09\/CARxmas-594x420.jpg 594w, https:\/\/de.onlineprinters.ch\/magazin\/wp-content\/uploads\/2019\/09\/CARxmas-300x212.jpg 300w, https:\/\/de.onlineprinters.ch\/magazin\/wp-content\/uploads\/2019\/09\/CARxmas-768x543.jpg 768w, https:\/\/de.onlineprinters.ch\/magazin\/wp-content\/uploads\/2019\/09\/CARxmas-1024x724.jpg 1024w, https:\/\/de.onlineprinters.ch\/magazin\/wp-content\/uploads\/2019\/09\/CARxmas-100x70.jpg 100w, https:\/\/de.onlineprinters.ch\/magazin\/wp-content\/uploads\/2019\/09\/CARxmas-696x492.jpg 696w, https:\/\/de.onlineprinters.ch\/magazin\/wp-content\/uploads\/2019\/09\/CARxmas-1068x755.jpg 1068w, https:\/\/de.onlineprinters.ch\/magazin\/wp-content\/uploads\/2019\/09\/CARxmas-1920x1357.jpg 1920w, https:\/\/de.onlineprinters.ch\/magazin\/wp-content\/uploads\/2019\/09\/CARxmas.jpg 2000w\" sizes=\"(max-width: 594px) 100vw, 594px\" alt=\"\">\r\n                            <\/a>\r\n                            \r\n                        <\/figure>\r\n                    <\/div>\r\n                    <div class = \"td-slide-item td-item3\">\r\n                        <figure class=\"td-slide-galery-figure td-slide-popup-gallery\">\r\n                            <a class=\"slide-gallery-image-link\" href=\"https:\/\/de.onlineprinters.ch\/magazin\/wp-content\/uploads\/2019\/09\/Sketchnotes-blau-quer.png\" title=\"Sketchnotes-blau-quer\"  data-caption=\"\"  data-description=\"\">\r\n                                <img decoding=\"async\" src=\"https:\/\/de.onlineprinters.ch\/magazin\/wp-content\/uploads\/2019\/09\/Sketchnotes-blau-quer-594x420.png\" srcset=\"https:\/\/de.onlineprinters.ch\/magazin\/wp-content\/uploads\/2019\/09\/Sketchnotes-blau-quer-594x420.png 594w, https:\/\/de.onlineprinters.ch\/magazin\/wp-content\/uploads\/2019\/09\/Sketchnotes-blau-quer-300x212.png 300w, https:\/\/de.onlineprinters.ch\/magazin\/wp-content\/uploads\/2019\/09\/Sketchnotes-blau-quer-768x543.png 768w, https:\/\/de.onlineprinters.ch\/magazin\/wp-content\/uploads\/2019\/09\/Sketchnotes-blau-quer-1024x724.png 1024w, https:\/\/de.onlineprinters.ch\/magazin\/wp-content\/uploads\/2019\/09\/Sketchnotes-blau-quer-100x70.png 100w, https:\/\/de.onlineprinters.ch\/magazin\/wp-content\/uploads\/2019\/09\/Sketchnotes-blau-quer-696x492.png 696w, https:\/\/de.onlineprinters.ch\/magazin\/wp-content\/uploads\/2019\/09\/Sketchnotes-blau-quer-1068x755.png 1068w, https:\/\/de.onlineprinters.ch\/magazin\/wp-content\/uploads\/2019\/09\/Sketchnotes-blau-quer-1920x1357.png 1920w\" sizes=\"(max-width: 594px) 100vw, 594px\" alt=\"\">\r\n                            <\/a>\r\n                            \r\n                        <\/figure>\r\n                    <\/div>\r\n                    <div class = \"td-slide-item td-item4\">\r\n                        <figure class=\"td-modal-image td-slide-galery-figure td-slide-popup-gallery\">\r\n                            <a class=\"slide-gallery-image-link\" href=\"https:\/\/de.onlineprinters.ch\/magazin\/wp-content\/uploads\/2019\/09\/Sketchnotes-blau-hoch.png\" title=\"Sketchnotes-blau-hoch\"  data-caption=\"\"  data-description=\"\">\r\n                                <img decoding=\"async\" src=\"https:\/\/de.onlineprinters.ch\/magazin\/wp-content\/uploads\/2019\/09\/Sketchnotes-blau-hoch-304x420.png\" srcset=\"https:\/\/de.onlineprinters.ch\/magazin\/wp-content\/uploads\/2019\/09\/Sketchnotes-blau-hoch-304x420.png 304w, https:\/\/de.onlineprinters.ch\/magazin\/wp-content\/uploads\/2019\/09\/Sketchnotes-blau-hoch-217x300.png 217w, https:\/\/de.onlineprinters.ch\/magazin\/wp-content\/uploads\/2019\/09\/Sketchnotes-blau-hoch-768x1059.png 768w, https:\/\/de.onlineprinters.ch\/magazin\/wp-content\/uploads\/2019\/09\/Sketchnotes-blau-hoch-742x1024.png 742w, https:\/\/de.onlineprinters.ch\/magazin\/wp-content\/uploads\/2019\/09\/Sketchnotes-blau-hoch-696x960.png 696w, https:\/\/de.onlineprinters.ch\/magazin\/wp-content\/uploads\/2019\/09\/Sketchnotes-blau-hoch-1068x1473.png 1068w, https:\/\/de.onlineprinters.ch\/magazin\/wp-content\/uploads\/2019\/09\/Sketchnotes-blau-hoch-1920x2649.png 1920w\" sizes=\"(max-width: 304px) 100vw, 304px\" alt=\"\">\r\n                            <\/a>\r\n                            \r\n                        <\/figure>\r\n                    <\/div>\r\n                    <div class = \"td-slide-item td-item5\">\r\n                        <figure class=\"td-slide-galery-figure td-slide-popup-gallery\">\r\n                            <a class=\"slide-gallery-image-link\" href=\"https:\/\/de.onlineprinters.ch\/magazin\/wp-content\/uploads\/2019\/09\/Sketchnotes-rot-quer.png\" title=\"Sketchnotes-rot-quer\"  data-caption=\"\"  data-description=\"\">\r\n                                <img decoding=\"async\" src=\"https:\/\/de.onlineprinters.ch\/magazin\/wp-content\/uploads\/2019\/09\/Sketchnotes-rot-quer-594x420.png\" srcset=\"https:\/\/de.onlineprinters.ch\/magazin\/wp-content\/uploads\/2019\/09\/Sketchnotes-rot-quer-594x420.png 594w, https:\/\/de.onlineprinters.ch\/magazin\/wp-content\/uploads\/2019\/09\/Sketchnotes-rot-quer-300x212.png 300w, https:\/\/de.onlineprinters.ch\/magazin\/wp-content\/uploads\/2019\/09\/Sketchnotes-rot-quer-768x543.png 768w, https:\/\/de.onlineprinters.ch\/magazin\/wp-content\/uploads\/2019\/09\/Sketchnotes-rot-quer-1024x724.png 1024w, https:\/\/de.onlineprinters.ch\/magazin\/wp-content\/uploads\/2019\/09\/Sketchnotes-rot-quer-100x70.png 100w, https:\/\/de.onlineprinters.ch\/magazin\/wp-content\/uploads\/2019\/09\/Sketchnotes-rot-quer-696x492.png 696w, https:\/\/de.onlineprinters.ch\/magazin\/wp-content\/uploads\/2019\/09\/Sketchnotes-rot-quer-1068x755.png 1068w, https:\/\/de.onlineprinters.ch\/magazin\/wp-content\/uploads\/2019\/09\/Sketchnotes-rot-quer-1920x1357.png 1920w\" sizes=\"(max-width: 594px) 100vw, 594px\" alt=\"\">\r\n                            <\/a>\r\n                            \r\n                        <\/figure>\r\n                    <\/div>\r\n                    <div class = \"td-slide-item td-item6\">\r\n                        <figure class=\"td-modal-image td-slide-galery-figure td-slide-popup-gallery\">\r\n                            <a class=\"slide-gallery-image-link\" href=\"https:\/\/de.onlineprinters.ch\/magazin\/wp-content\/uploads\/2019\/09\/Sketchnotes-rot-hoch.png\" title=\"Sketchnotes-rot-hoch\"  data-caption=\"\"  data-description=\"\">\r\n                                <img decoding=\"async\" src=\"https:\/\/de.onlineprinters.ch\/magazin\/wp-content\/uploads\/2019\/09\/Sketchnotes-rot-hoch-304x420.png\" srcset=\"https:\/\/de.onlineprinters.ch\/magazin\/wp-content\/uploads\/2019\/09\/Sketchnotes-rot-hoch-304x420.png 304w, https:\/\/de.onlineprinters.ch\/magazin\/wp-content\/uploads\/2019\/09\/Sketchnotes-rot-hoch-217x300.png 217w, https:\/\/de.onlineprinters.ch\/magazin\/wp-content\/uploads\/2019\/09\/Sketchnotes-rot-hoch-768x1059.png 768w, https:\/\/de.onlineprinters.ch\/magazin\/wp-content\/uploads\/2019\/09\/Sketchnotes-rot-hoch-742x1024.png 742w, https:\/\/de.onlineprinters.ch\/magazin\/wp-content\/uploads\/2019\/09\/Sketchnotes-rot-hoch-696x960.png 696w, https:\/\/de.onlineprinters.ch\/magazin\/wp-content\/uploads\/2019\/09\/Sketchnotes-rot-hoch-1068x1473.png 1068w, https:\/\/de.onlineprinters.ch\/magazin\/wp-content\/uploads\/2019\/09\/Sketchnotes-rot-hoch-1920x2649.png 1920w\" sizes=\"(max-width: 304px) 100vw, 304px\" alt=\"\">\r\n                            <\/a>\r\n                            \r\n                        <\/figure>\r\n                    <\/div>\r\n                            <\/div>\r\n                        <\/div>\r\n\r\n                        <div class = \"td-doubleSlider-2\">\r\n                            <div class = \"td-slider\">\r\n                                \r\n                    <div class = \"td-button td-item1\">\r\n                        <div class = \"td-border\"><\/div>\r\n                    <\/div>\r\n                    <div class = \"td-button td-item2\">\r\n                        <div class = \"td-border\"><\/div>\r\n                    <\/div>\r\n                    <div class = \"td-button td-item3\">\r\n                        <div class = \"td-border\"><\/div>\r\n                    <\/div>\r\n                    <div class = \"td-button td-item4\">\r\n                        <div class = \"td-border\"><\/div>\r\n                    <\/div>\r\n                    <div class = \"td-button td-item5\">\r\n                        <div class = \"td-border\"><\/div>\r\n                    <\/div>\r\n                    <div class = \"td-button td-item6\">\r\n                        <div class = \"td-border\"><\/div>\r\n                    <\/div>\r\n                            <\/div>\r\n                        <\/div>\r\n\r\n                    <\/div>\r\n\r\n                <\/div>\r\n                \n<p>Mit unseren kostenlosen Druckvorlagen k\u00f6nnen Sie stilvolle und moderne Adventskalender gestalten. Ob im schlichten Stil mit angesagtem Handlettering-Schriftzug oder im edlen klassischen Look mit vollfl\u00e4chigem Hintergrundbild. Mit den jeweiligen Designvorlagen erhalten Sie druckfertige PDF-Dateien, die Sie direkt hochladen k\u00f6nnen. Die PDFs k\u00f6nnen Sie in Adobe Photoshop, InDesign oder mit einem kostenlosen Tool aus dem Internet bearbeiten und Ihr Firmen-Logo oder Ihren pers\u00f6nlichen Weihnachtsgru\u00df einf\u00fcgen.<a name=\"arten\"><\/a><\/p>\n<h3>Vorlagen f\u00fcr klassische Kalender<\/h3>\n<p>Je nachdem, welches Design Ihnen zusagt, k\u00f6nnen Sie damit folgende unserer Schoko-Adventskalender bestellen&#8230;<\/p>\n<p style=\"text-align: left;\"><a href=\"https:\/\/de.onlineprinters.ch\/magazin\/wp-content\/uploads\/2021\/09\/Wandkalender_Gruppe-scaled.jpg\"><img loading=\"lazy\" decoding=\"async\" class=\"td-modal-image alignleft wp-image-34708 size-thumbnail\" src=\"https:\/\/de.onlineprinters.ch\/magazin\/wp-content\/uploads\/2021\/09\/Wandkalender_Gruppe-scaled.jpg\" alt=\"Zwei Adventskalender mit der Aufschrift \u201eFrohe Weihnachten\u201c auf schneeblauem Hintergrund, Weihnachtsb\u00e4umen und einem Vogel. Vier kleine Schokoladenst\u00fccke liegen neben den Schachteln und bieten bezaubernde Gestaltungsideen f\u00fcr alle, die ihren Adventskalender gestalten m\u00f6chten.\" width=\"150\" height=\"150\" \/><\/a><span style=\"font-size: 12pt;\"><span style=\"font-size: 14pt;\"><a href=\"https:\/\/de.onlineprinters.ch\/p\/adventskalender-wand-gross\" target=\"_blank\" rel=\"noopener noreferrer\">Gro\u00dfer Wandkalender<\/a><\/span><br \/>\nMa\u00dfe: 24,7 x 34,8 x 1 cm<br \/>\n(im Quer- und Hochformat erh\u00e4ltlich)<\/span><\/p>\n<p style=\"text-align: left;\"><a class=\"op-read-more in-post aligncenter\" href=\"https:\/\/de.onlineprinters.ch\/magazin\/wp-content\/uploads\/2021\/09\/PAWKL40-1.zip\" rel=\"noopener\">Zu den Druckvorlagen<\/a><\/p>\n<p>&nbsp;<\/p>\n<p style=\"text-align: left;\"><a href=\"https:\/\/de.onlineprinters.ch\/magazin\/wp-content\/uploads\/2021\/09\/Tischkalender_Gruppe-1-scaled.jpg\"><img loading=\"lazy\" decoding=\"async\" class=\"td-modal-image alignleft wp-image-34709 size-thumbnail\" src=\"https:\/\/de.onlineprinters.ch\/magazin\/wp-content\/uploads\/2021\/09\/Tischkalender_Gruppe-1-scaled.jpg\" alt=\"Zwei hellblaue \u201eFrohe Weihnachten\u201c-Karten mit verschneiten Weihnachtsb\u00e4umen \u2013 eine stehend und eine liegend \u2013 verleihen Ihrem Adventskalender eine besondere Note. Auf der Vorderseite sind sechs kleine Schokoladenst\u00fccke verstreut. Jede Karte ziert unten das \u201eOnlineprinters\u201c-Logo.\" width=\"150\" height=\"150\" \/><\/a><span style=\"font-size: 14pt;\"><a href=\"https:\/\/de.onlineprinters.ch\/p\/schoko-adventskalender-tisch\" target=\"_blank\" rel=\"noopener noreferrer\">Kompakter Tischkalender<\/a><\/span><br \/>\nMa\u00dfe: 17,4 x 24,9 x 1 cm<br \/>\n(im Quer- und Hochformat erh\u00e4ltlich)<\/p>\n<p style=\"text-align: left;\"><a class=\"op-read-more in-post aligncenter\" href=\"https:\/\/de.onlineprinters.ch\/magazin\/wp-content\/uploads\/2021\/09\/PATKM40-1.zip\" rel=\"noopener\">Zu den Druckvorlagen<\/a><\/p>\n<p>&nbsp;<\/p>\n<h3>Vorlagen f\u00fcr ausgefallene Kalender<\/h3>\n<p>&#8230; oder aber Sie entscheiden sich f\u00fcr einen unserer ausgefallenen Adventskalender.<\/p>\n<p style=\"text-align: left;\"><a href=\"https:\/\/de.onlineprinters.ch\/magazin\/wp-content\/uploads\/2021\/09\/Blister-1-scaled.jpg\"><img loading=\"lazy\" decoding=\"async\" class=\"td-modal-image alignleft wp-image-34714 size-thumbnail\" src=\"https:\/\/de.onlineprinters.ch\/magazin\/wp-content\/uploads\/2021\/09\/Blister-1-scaled.jpg\" alt=\"Ein Adventskalender mit dem Motiv \u201eFrohe Weihnachten\u201c und einer kreativ gestalteten Winterlandschaft mit Weihnachtsbaum und Schneeflocken. Daneben liegt eine Blisterpackung mit bunten, mit Zuckerguss \u00fcberzogenen Pralinen, von denen einige auf der makellos wei\u00dfen Oberfl\u00e4che verstreut sind.\" width=\"150\" height=\"150\" \/><\/a><span style=\"font-size: 14pt;\"><a href=\"https:\/\/de.onlineprinters.ch\/p\/adventskalender-blister\" target=\"_blank\" rel=\"noopener noreferrer\">Adventskalender als Blister<\/a><\/span><br \/>\nMa\u00dfe: 7,5 x 11 x 0,5 cm<\/p>\n<p style=\"text-align: left;\"><a class=\"op-read-more in-post aligncenter\" href=\"https:\/\/de.onlineprinters.ch\/magazin\/wp-content\/uploads\/2021\/09\/PAUBL40-1.zip\" rel=\"noopener\">Zu den Druckvorlagen<\/a><\/p>\n<p>&nbsp;<\/p>\n<p><a href=\"https:\/\/de.onlineprinters.ch\/magazin\/wp-content\/uploads\/2021\/09\/Blechspender_01-1-scaled.jpg\"><img loading=\"lazy\" decoding=\"async\" class=\"td-modal-image alignleft wp-image-34710 size-thumbnail\" src=\"https:\/\/de.onlineprinters.ch\/magazin\/wp-content\/uploads\/2021\/09\/Blechspender_01-1-scaled.jpg\" alt=\"Zwei Pralinenschachteln mit festlichen \u201eFrohe Weihnachten\u201c-Motiven auf den Deckeln sind perfekt f\u00fcr alle, die einen Adventskalender gestalten m\u00f6chten. Die mit dem Logo von \u201eOnlineprinters\u201c versehenen Schachteln zeigen winterliche Motive von B\u00e4umen und Schneeflocken in Blau und Wei\u00df. Eine der ge\u00f6ffneten Schachteln gibt den Blick auf Reihen k\u00f6stlicher Pralinen frei.\" width=\"150\" height=\"150\" \/><\/a><\/p>\n<p style=\"text-align: left;\"><span style=\"font-size: 14pt;\"><a href=\"https:\/\/de.onlineprinters.ch\/p\/adventskalender-spender\" target=\"_blank\" rel=\"noopener noreferrer\">Adventskalender als Spender<\/a><\/span><br \/>\nMa\u00dfe: 19,7 x 4,5 x 3,8 cm<\/p>\n<p style=\"text-align: left;\"><a class=\"op-read-more in-post aligncenter\" href=\"https:\/\/de.onlineprinters.ch\/magazin\/wp-content\/uploads\/2021\/09\/PAUSD40-1.zip\" rel=\"noopener\">Zu den Druckvorlagen<\/a><\/p>\n<p>&nbsp;<\/p>\n<p style=\"text-align: left;\"><a href=\"https:\/\/de.onlineprinters.ch\/magazin\/wp-content\/uploads\/2021\/09\/Adventskalender_Blech_Gruppe-scaled.jpg\"><img loading=\"lazy\" decoding=\"async\" class=\"td-modal-image alignleft wp-image-34713 size-thumbnail\" src=\"https:\/\/de.onlineprinters.ch\/magazin\/wp-content\/uploads\/2021\/09\/Adventskalender_Blech_Gruppe-scaled.jpg\" alt=\"Offener Adventskalender mit nummerierten Milchschokoladen, wundersch\u00f6n gestaltet, um Ihren Feiertagen Freude zu bereiten. Der geschlossene Deckel der Dose zeigt eine verschneite Szene mit dem Text \u201eFROHE WEIHNACHTEN\u201c und ist eine wunderbare M\u00f6glichkeit, Ihren Adventskalender zu gestalten.\" width=\"150\" height=\"150\" \/><\/a><span style=\"font-size: 14pt;\"><a href=\"https:\/\/de.onlineprinters.ch\/p\/adventskalender-dekordose\" target=\"_blank\" rel=\"noopener noreferrer\">Adventskalender als Dekordose<\/a><\/span><br \/>\nMa\u00dfe: 17,0 x 14,1 x 0,9 cm<\/p>\n<p style=\"text-align: left;\"><a class=\"op-read-more in-post aligncenter\" href=\"https:\/\/de.onlineprinters.ch\/magazin\/wp-content\/uploads\/2021\/09\/PAUDD40_Dekordose-1.zip\" rel=\"noopener\">Zu den Druckvorlagen<\/a><\/p>\n<p>&nbsp;<\/p>\n<p><a name=\"paket\"><\/a><\/p>\n<h2>Designpaket f\u00fcr frische Weihnachtsdesigns<\/h2>\n<p>Lassen Sie sich inspirieren und laden Sie unsere kostenlosen Motive (neue Sketchnotes by Tanja Wehr) f\u00fcr Ihre Designs herunter. Im Designpaket enthalten sind JPG-, PNG-, PDF-, AI- und PSD-Dateien. Die Motive stehen Ihnen zur Gestaltung frei und k\u00f6nnen unabh\u00e4ngig von der Druck-Auflage sowie ohne Quellenangabe genutzt werden.<\/p>\n\r\n                <style type=\"text\/css\">\r\n                    \r\n                    #tdi_2  .td-doubleSlider-2 .td-item1 {\r\n                        background: url(https:\/\/de.onlineprinters.ch\/magazin\/wp-content\/uploads\/2019\/09\/Weihnachtsbild03-80x60.jpg) 0 0 no-repeat;\r\n                    }\r\n                    #tdi_2  .td-doubleSlider-2 .td-item2 {\r\n                        background: url(https:\/\/de.onlineprinters.ch\/magazin\/wp-content\/uploads\/2019\/09\/Alpaka_Zeichenfl\u00e4che-1-80x60.jpg) 0 0 no-repeat;\r\n                    }\r\n                    #tdi_2  .td-doubleSlider-2 .td-item3 {\r\n                        background: url(https:\/\/de.onlineprinters.ch\/magazin\/wp-content\/uploads\/2019\/09\/Adventskalender.jpg) 0 0 no-repeat;\r\n                    }\r\n                    #tdi_2  .td-doubleSlider-2 .td-item4 {\r\n                        background: url(https:\/\/de.onlineprinters.ch\/magazin\/wp-content\/uploads\/2019\/09\/Weihnachtsbild11-80x60.jpg) 0 0 no-repeat;\r\n                    }\r\n                    #tdi_2  .td-doubleSlider-2 .td-item5 {\r\n                        background: url(https:\/\/de.onlineprinters.ch\/magazin\/wp-content\/uploads\/2019\/09\/Weihnachtsbild09-80x60.jpg) 0 0 no-repeat;\r\n                    }\r\n                    #tdi_2  .td-doubleSlider-2 .td-item6 {\r\n                        background: url(https:\/\/de.onlineprinters.ch\/magazin\/wp-content\/uploads\/2019\/09\/Weihnachtsbild08-80x60.jpg) 0 0 no-repeat;\r\n                    }\r\n                    #tdi_2  .td-doubleSlider-2 .td-item7 {\r\n                        background: url(https:\/\/de.onlineprinters.ch\/magazin\/wp-content\/uploads\/2019\/09\/Weihnachtsbild07-80x60.jpg) 0 0 no-repeat;\r\n                    }\r\n                    #tdi_2  .td-doubleSlider-2 .td-item8 {\r\n                        background: url(https:\/\/de.onlineprinters.ch\/magazin\/wp-content\/uploads\/2019\/09\/Weihnachtsbild06-80x60.jpg) 0 0 no-repeat;\r\n                    }\r\n                    #tdi_2  .td-doubleSlider-2 .td-item9 {\r\n                        background: url(https:\/\/de.onlineprinters.ch\/magazin\/wp-content\/uploads\/2019\/09\/Weihnachtsbild04.jpg) 0 0 no-repeat;\r\n                    }\r\n                    #tdi_2  .td-doubleSlider-2 .td-item10 {\r\n                        background: url(https:\/\/de.onlineprinters.ch\/magazin\/wp-content\/uploads\/2019\/09\/Sketchnotes-rot-quer-80x60.png) 0 0 no-repeat;\r\n                    }\r\n                    #tdi_2  .td-doubleSlider-2 .td-item11 {\r\n                        background: url(https:\/\/de.onlineprinters.ch\/magazin\/wp-content\/uploads\/2019\/09\/Sketchnotes-rot-hoch-80x60.png) 0 0 no-repeat;\r\n                    }\r\n                    #tdi_2  .td-doubleSlider-2 .td-item12 {\r\n                        background: url(https:\/\/de.onlineprinters.ch\/magazin\/wp-content\/uploads\/2019\/09\/Sketchnotes-blau-quer-80x60.png) 0 0 no-repeat;\r\n                    }\r\n                    #tdi_2  .td-doubleSlider-2 .td-item13 {\r\n                        background: url(https:\/\/de.onlineprinters.ch\/magazin\/wp-content\/uploads\/2019\/09\/Sketchnotes-blau-hoch-80x60.png) 0 0 no-repeat;\r\n                    }\r\n                    #tdi_2  .td-doubleSlider-2 .td-item14 {\r\n                        background: url(https:\/\/de.onlineprinters.ch\/magazin\/wp-content\/uploads\/2019\/09\/Motiv16-80x60.jpg) 0 0 no-repeat;\r\n                    }\r\n                    #tdi_2  .td-doubleSlider-2 .td-item15 {\r\n                        background: url(https:\/\/de.onlineprinters.ch\/magazin\/wp-content\/uploads\/2019\/09\/Motiv15-80x60.jpg) 0 0 no-repeat;\r\n                    }\r\n                    #tdi_2  .td-doubleSlider-2 .td-item16 {\r\n                        background: url(https:\/\/de.onlineprinters.ch\/magazin\/wp-content\/uploads\/2019\/09\/Motiv14-80x60.jpg) 0 0 no-repeat;\r\n                    }\r\n                    #tdi_2  .td-doubleSlider-2 .td-item17 {\r\n                        background: url(https:\/\/de.onlineprinters.ch\/magazin\/wp-content\/uploads\/2019\/09\/Motiv13-80x60.jpg) 0 0 no-repeat;\r\n                    }\r\n                    #tdi_2  .td-doubleSlider-2 .td-item18 {\r\n                        background: url(https:\/\/de.onlineprinters.ch\/magazin\/wp-content\/uploads\/2019\/09\/Motiv12-80x60.jpg) 0 0 no-repeat;\r\n                    }\r\n                    #tdi_2  .td-doubleSlider-2 .td-item19 {\r\n                        background: url(https:\/\/de.onlineprinters.ch\/magazin\/wp-content\/uploads\/2019\/09\/Motiv11-80x60.jpg) 0 0 no-repeat;\r\n                    }\r\n                    #tdi_2  .td-doubleSlider-2 .td-item20 {\r\n                        background: url(https:\/\/de.onlineprinters.ch\/magazin\/wp-content\/uploads\/2019\/09\/CARxmas-80x60.jpg) 0 0 no-repeat;\r\n                    }\r\n                    #tdi_2  .td-doubleSlider-2 .td-item21 {\r\n                        background: url(https:\/\/de.onlineprinters.ch\/magazin\/wp-content\/uploads\/2019\/09\/Alpaka2-07-80x60.jpg) 0 0 no-repeat;\r\n                    }\r\n                    #tdi_2  .td-doubleSlider-2 .td-item22 {\r\n                        background: url(https:\/\/de.onlineprinters.ch\/magazin\/wp-content\/uploads\/2019\/09\/Alpaka2-06-80x60.jpg) 0 0 no-repeat;\r\n                    }\r\n                    #tdi_2  .td-doubleSlider-2 .td-item23 {\r\n                        background: url(https:\/\/de.onlineprinters.ch\/magazin\/wp-content\/uploads\/2019\/09\/Alpaka1-02-80x60.jpg) 0 0 no-repeat;\r\n                    }\r\n                    #tdi_2  .td-doubleSlider-2 .td-item24 {\r\n                        background: url(https:\/\/de.onlineprinters.ch\/magazin\/wp-content\/uploads\/2019\/09\/Alpaka1-04-80x60.jpg) 0 0 no-repeat;\r\n                    }\r\n                    #tdi_2  .td-doubleSlider-2 .td-item25 {\r\n                        background: url(https:\/\/de.onlineprinters.ch\/magazin\/wp-content\/uploads\/2019\/09\/Alpaka-02-80x60.jpg) 0 0 no-repeat;\r\n                    }\r\n                    #tdi_2  .td-doubleSlider-2 .td-item26 {\r\n                        background: url(https:\/\/de.onlineprinters.ch\/magazin\/wp-content\/uploads\/2019\/09\/Alpaka2_Zeichenfl\u00e4che-1-80x60.jpg) 0 0 no-repeat;\r\n                    }\r\n                    #tdi_2  .td-doubleSlider-2 .td-item27 {\r\n                        background: url(https:\/\/de.onlineprinters.ch\/magazin\/wp-content\/uploads\/2019\/09\/Alpaka2-02-80x60.jpg) 0 0 no-repeat;\r\n                    }\r\n                    #tdi_2  .td-doubleSlider-2 .td-item28 {\r\n                        background: url(https:\/\/de.onlineprinters.ch\/magazin\/wp-content\/uploads\/2019\/09\/Alpaka2-03-80x60.jpg) 0 0 no-repeat;\r\n                    }\r\n                    #tdi_2  .td-doubleSlider-2 .td-item29 {\r\n                        background: url(https:\/\/de.onlineprinters.ch\/magazin\/wp-content\/uploads\/2019\/09\/Alpaka2-04-80x60.jpg) 0 0 no-repeat;\r\n                    }\r\n                    #tdi_2  .td-doubleSlider-2 .td-item30 {\r\n                        background: url(https:\/\/de.onlineprinters.ch\/magazin\/wp-content\/uploads\/2019\/09\/Alpaka2-05-80x60.jpg) 0 0 no-repeat;\r\n                    }\r\n                <\/style>\r\n\r\n                <div id=\"tdi_2\" class=\"td-gallery td-slide-on-2-columns\">\r\n                    <div class=\"post_td_gallery\">\r\n                        <div class=\"td-gallery-slide-top\">\r\n                           <div class=\"td-gallery-title\"><\/div>\r\n\r\n                            <div class=\"td-gallery-controls-wrapper\">\r\n                                <div class=\"td-gallery-slide-count\"><span class=\"td-gallery-slide-item-focus\">1<\/span> von 30<\/div>\r\n                                <div class=\"td-gallery-slide-prev-next-but\">\r\n                                    <i class = \"td-icon-left doubleSliderPrevButton\"><\/i>\r\n                                    <i class = \"td-icon-right doubleSliderNextButton\"><\/i>\r\n                                <\/div>\r\n                            <\/div>\r\n                        <\/div>\r\n\r\n                        <div class = \"td-doubleSlider-1 \">\r\n                            <div class = \"td-slider\">\r\n                                \r\n                    <div class = \"td-slide-item td-item1\">\r\n                        <figure class=\"td-slide-galery-figure td-slide-popup-gallery\">\r\n                            <a class=\"slide-gallery-image-link\" href=\"https:\/\/de.onlineprinters.ch\/magazin\/wp-content\/uploads\/2019\/09\/Weihnachtsbild03.jpg\" title=\"Weihnachtsbild03\"  data-caption=\"\"  data-description=\"\">\r\n                                <img decoding=\"async\" src=\"https:\/\/de.onlineprinters.ch\/magazin\/wp-content\/uploads\/2019\/09\/Weihnachtsbild03-629x420.jpg\" srcset=\"https:\/\/de.onlineprinters.ch\/magazin\/wp-content\/uploads\/2019\/09\/Weihnachtsbild03-629x420.jpg 629w, https:\/\/de.onlineprinters.ch\/magazin\/wp-content\/uploads\/2019\/09\/Weihnachtsbild03-300x200.jpg 300w, https:\/\/de.onlineprinters.ch\/magazin\/wp-content\/uploads\/2019\/09\/Weihnachtsbild03-768x513.jpg 768w, https:\/\/de.onlineprinters.ch\/magazin\/wp-content\/uploads\/2019\/09\/Weihnachtsbild03-1024x683.jpg 1024w, https:\/\/de.onlineprinters.ch\/magazin\/wp-content\/uploads\/2019\/09\/Weihnachtsbild03-696x465.jpg 696w, https:\/\/de.onlineprinters.ch\/magazin\/wp-content\/uploads\/2019\/09\/Weihnachtsbild03-1068x713.jpg 1068w, https:\/\/de.onlineprinters.ch\/magazin\/wp-content\/uploads\/2019\/09\/Weihnachtsbild03-1920x1281.jpg 1920w\" sizes=\"(max-width: 629px) 100vw, 629px\" alt=\"\">\r\n                            <\/a>\r\n                            \r\n                        <\/figure>\r\n                    <\/div>\r\n                    <div class = \"td-slide-item td-item2\">\r\n                        <figure class=\"td-modal-image td-slide-galery-figure td-slide-popup-gallery\">\r\n                            <a class=\"slide-gallery-image-link\" href=\"https:\/\/de.onlineprinters.ch\/magazin\/wp-content\/uploads\/2019\/09\/Alpaka_Zeichenfl\u00e4che-1.jpg\" title=\"Alpaka_Zeichenfl\u00e4che-1\"  data-caption=\"\"  data-description=\"\">\r\n                                <img decoding=\"async\" src=\"https:\/\/de.onlineprinters.ch\/magazin\/wp-content\/uploads\/2019\/09\/Alpaka_Zeichenfl\u00e4che-1-747x420.jpg\" srcset=\"https:\/\/de.onlineprinters.ch\/magazin\/wp-content\/uploads\/2019\/09\/Alpaka_Zeichenfl\u00e4che-1-747x420.jpg 747w, https:\/\/de.onlineprinters.ch\/magazin\/wp-content\/uploads\/2019\/09\/Alpaka_Zeichenfl\u00e4che-1-300x169.jpg 300w, https:\/\/de.onlineprinters.ch\/magazin\/wp-content\/uploads\/2019\/09\/Alpaka_Zeichenfl\u00e4che-1-768x432.jpg 768w, https:\/\/de.onlineprinters.ch\/magazin\/wp-content\/uploads\/2019\/09\/Alpaka_Zeichenfl\u00e4che-1-1024x576.jpg 1024w, https:\/\/de.onlineprinters.ch\/magazin\/wp-content\/uploads\/2019\/09\/Alpaka_Zeichenfl\u00e4che-1-696x391.jpg 696w, https:\/\/de.onlineprinters.ch\/magazin\/wp-content\/uploads\/2019\/09\/Alpaka_Zeichenfl\u00e4che-1-1068x600.jpg 1068w, https:\/\/de.onlineprinters.ch\/magazin\/wp-content\/uploads\/2019\/09\/Alpaka_Zeichenfl\u00e4che-1.jpg 1366w\" sizes=\"(max-width: 747px) 100vw, 747px\" alt=\"\">\r\n                            <\/a>\r\n                            \r\n                        <\/figure>\r\n                    <\/div>\r\n                    <div class = \"td-slide-item td-item3\">\r\n                        <figure class=\"td-slide-galery-figure td-slide-popup-gallery\">\r\n                            <a class=\"slide-gallery-image-link\" href=\"https:\/\/de.onlineprinters.ch\/magazin\/wp-content\/uploads\/2019\/09\/Adventskalender.jpg\" title=\"Adventskalender\"  data-caption=\"\"  data-description=\"\">\r\n                                <img decoding=\"async\" src=\"https:\/\/de.onlineprinters.ch\/magazin\/wp-content\/uploads\/2019\/09\/Adventskalender.jpg\" alt=\"\">\r\n                            <\/a>\r\n                            \r\n                        <\/figure>\r\n                    <\/div>\r\n                    <div class = \"td-slide-item td-item4\">\r\n                        <figure class=\"td-modal-image td-slide-galery-figure td-slide-popup-gallery\">\r\n                            <a class=\"slide-gallery-image-link\" href=\"https:\/\/de.onlineprinters.ch\/magazin\/wp-content\/uploads\/2019\/09\/Weihnachtsbild11.jpg\" title=\"Weihnachtsbild11\"  data-caption=\"\"  data-description=\"\">\r\n                                <img decoding=\"async\" src=\"https:\/\/de.onlineprinters.ch\/magazin\/wp-content\/uploads\/2019\/09\/Weihnachtsbild11-639x420.jpg\" srcset=\"https:\/\/de.onlineprinters.ch\/magazin\/wp-content\/uploads\/2019\/09\/Weihnachtsbild11-639x420.jpg 639w, https:\/\/de.onlineprinters.ch\/magazin\/wp-content\/uploads\/2019\/09\/Weihnachtsbild11-300x197.jpg 300w, https:\/\/de.onlineprinters.ch\/magazin\/wp-content\/uploads\/2019\/09\/Weihnachtsbild11-768x505.jpg 768w, https:\/\/de.onlineprinters.ch\/magazin\/wp-content\/uploads\/2019\/09\/Weihnachtsbild11-1024x673.jpg 1024w, https:\/\/de.onlineprinters.ch\/magazin\/wp-content\/uploads\/2019\/09\/Weihnachtsbild11-696x457.jpg 696w, https:\/\/de.onlineprinters.ch\/magazin\/wp-content\/uploads\/2019\/09\/Weihnachtsbild11-741x486.jpg 741w, https:\/\/de.onlineprinters.ch\/magazin\/wp-content\/uploads\/2019\/09\/Weihnachtsbild11-1068x702.jpg 1068w, https:\/\/de.onlineprinters.ch\/magazin\/wp-content\/uploads\/2019\/09\/Weihnachtsbild11.jpg 1920w\" sizes=\"(max-width: 639px) 100vw, 639px\" alt=\"\">\r\n                            <\/a>\r\n                            \r\n                        <\/figure>\r\n                    <\/div>\r\n                    <div class = \"td-slide-item td-item5\">\r\n                        <figure class=\"td-slide-galery-figure td-slide-popup-gallery\">\r\n                            <a class=\"slide-gallery-image-link\" href=\"https:\/\/de.onlineprinters.ch\/magazin\/wp-content\/uploads\/2019\/09\/Weihnachtsbild09.jpg\" title=\"Merry Christmas Text with Christmas Evergreen Branches and Berries in Corner Over Rustic Wooden Background\"  data-caption=\"\"  data-description=\"\">\r\n                                <img decoding=\"async\" src=\"https:\/\/de.onlineprinters.ch\/magazin\/wp-content\/uploads\/2019\/09\/Weihnachtsbild09-630x420.jpg\" srcset=\"https:\/\/de.onlineprinters.ch\/magazin\/wp-content\/uploads\/2019\/09\/Weihnachtsbild09-630x420.jpg 630w, https:\/\/de.onlineprinters.ch\/magazin\/wp-content\/uploads\/2019\/09\/Weihnachtsbild09-300x200.jpg 300w, https:\/\/de.onlineprinters.ch\/magazin\/wp-content\/uploads\/2019\/09\/Weihnachtsbild09-768x512.jpg 768w, https:\/\/de.onlineprinters.ch\/magazin\/wp-content\/uploads\/2019\/09\/Weihnachtsbild09-1024x683.jpg 1024w, https:\/\/de.onlineprinters.ch\/magazin\/wp-content\/uploads\/2019\/09\/Weihnachtsbild09-696x464.jpg 696w, https:\/\/de.onlineprinters.ch\/magazin\/wp-content\/uploads\/2019\/09\/Weihnachtsbild09-1068x712.jpg 1068w, https:\/\/de.onlineprinters.ch\/magazin\/wp-content\/uploads\/2019\/09\/Weihnachtsbild09-1920x1280.jpg 1920w\" sizes=\"(max-width: 630px) 100vw, 630px\" alt=\"\">\r\n                            <\/a>\r\n                            \r\n                        <\/figure>\r\n                    <\/div>\r\n                    <div class = \"td-slide-item td-item6\">\r\n                        <figure class=\"td-modal-image td-slide-galery-figure td-slide-popup-gallery\">\r\n                            <a class=\"slide-gallery-image-link\" href=\"https:\/\/de.onlineprinters.ch\/magazin\/wp-content\/uploads\/2019\/09\/Weihnachtsbild08.jpg\" title=\"Christmas ornament flat lay\"  data-caption=\"\"  data-description=\"\">\r\n                                <img decoding=\"async\" src=\"https:\/\/de.onlineprinters.ch\/magazin\/wp-content\/uploads\/2019\/09\/Weihnachtsbild08-630x420.jpg\" srcset=\"https:\/\/de.onlineprinters.ch\/magazin\/wp-content\/uploads\/2019\/09\/Weihnachtsbild08-630x420.jpg 630w, https:\/\/de.onlineprinters.ch\/magazin\/wp-content\/uploads\/2019\/09\/Weihnachtsbild08-300x200.jpg 300w, https:\/\/de.onlineprinters.ch\/magazin\/wp-content\/uploads\/2019\/09\/Weihnachtsbild08-768x512.jpg 768w, https:\/\/de.onlineprinters.ch\/magazin\/wp-content\/uploads\/2019\/09\/Weihnachtsbild08-1024x683.jpg 1024w, https:\/\/de.onlineprinters.ch\/magazin\/wp-content\/uploads\/2019\/09\/Weihnachtsbild08-696x464.jpg 696w, https:\/\/de.onlineprinters.ch\/magazin\/wp-content\/uploads\/2019\/09\/Weihnachtsbild08-1068x712.jpg 1068w, https:\/\/de.onlineprinters.ch\/magazin\/wp-content\/uploads\/2019\/09\/Weihnachtsbild08-1920x1280.jpg 1920w\" sizes=\"(max-width: 630px) 100vw, 630px\" alt=\"\">\r\n                            <\/a>\r\n                            \r\n                        <\/figure>\r\n                    <\/div>\r\n                    <div class = \"td-slide-item td-item7\">\r\n                        <figure class=\"td-slide-galery-figure td-slide-popup-gallery\">\r\n                            <a class=\"slide-gallery-image-link\" href=\"https:\/\/de.onlineprinters.ch\/magazin\/wp-content\/uploads\/2019\/09\/Weihnachtsbild07.jpg\" title=\"Christmas composition with fir tree branches and holiday ornamen\"  data-caption=\"\"  data-description=\"\">\r\n                                <img decoding=\"async\" src=\"https:\/\/de.onlineprinters.ch\/magazin\/wp-content\/uploads\/2019\/09\/Weihnachtsbild07-835x420.jpg\" srcset=\"https:\/\/de.onlineprinters.ch\/magazin\/wp-content\/uploads\/2019\/09\/Weihnachtsbild07-835x420.jpg 835w, https:\/\/de.onlineprinters.ch\/magazin\/wp-content\/uploads\/2019\/09\/Weihnachtsbild07-300x151.jpg 300w, https:\/\/de.onlineprinters.ch\/magazin\/wp-content\/uploads\/2019\/09\/Weihnachtsbild07-768x386.jpg 768w, https:\/\/de.onlineprinters.ch\/magazin\/wp-content\/uploads\/2019\/09\/Weihnachtsbild07-1024x515.jpg 1024w, https:\/\/de.onlineprinters.ch\/magazin\/wp-content\/uploads\/2019\/09\/Weihnachtsbild07-696x350.jpg 696w, https:\/\/de.onlineprinters.ch\/magazin\/wp-content\/uploads\/2019\/09\/Weihnachtsbild07-1068x537.jpg 1068w, https:\/\/de.onlineprinters.ch\/magazin\/wp-content\/uploads\/2019\/09\/Weihnachtsbild07-1920x966.jpg 1920w\" sizes=\"(max-width: 835px) 100vw, 835px\" alt=\"\">\r\n                            <\/a>\r\n                            \r\n                        <\/figure>\r\n                    <\/div>\r\n                    <div class = \"td-slide-item td-item8\">\r\n                        <figure class=\"td-modal-image td-slide-galery-figure td-slide-popup-gallery\">\r\n                            <a class=\"slide-gallery-image-link\" href=\"https:\/\/de.onlineprinters.ch\/magazin\/wp-content\/uploads\/2019\/09\/Weihnachtsbild06.jpg\" title=\"words merry christmas and minimal creative berry arrangement pattern on white. flat lay, top view. christmas background wallpaper.\"  data-caption=\"\"  data-description=\"\">\r\n                                <img decoding=\"async\" src=\"https:\/\/de.onlineprinters.ch\/magazin\/wp-content\/uploads\/2019\/09\/Weihnachtsbild06-420x420.jpg\" srcset=\"https:\/\/de.onlineprinters.ch\/magazin\/wp-content\/uploads\/2019\/09\/Weihnachtsbild06-420x420.jpg 420w, https:\/\/de.onlineprinters.ch\/magazin\/wp-content\/uploads\/2019\/09\/Weihnachtsbild06-150x150.jpg 150w, https:\/\/de.onlineprinters.ch\/magazin\/wp-content\/uploads\/2019\/09\/Weihnachtsbild06-300x300.jpg 300w, https:\/\/de.onlineprinters.ch\/magazin\/wp-content\/uploads\/2019\/09\/Weihnachtsbild06-768x768.jpg 768w, https:\/\/de.onlineprinters.ch\/magazin\/wp-content\/uploads\/2019\/09\/Weihnachtsbild06-1024x1024.jpg 1024w, https:\/\/de.onlineprinters.ch\/magazin\/wp-content\/uploads\/2019\/09\/Weihnachtsbild06-696x696.jpg 696w, https:\/\/de.onlineprinters.ch\/magazin\/wp-content\/uploads\/2019\/09\/Weihnachtsbild06-1068x1068.jpg 1068w, https:\/\/de.onlineprinters.ch\/magazin\/wp-content\/uploads\/2019\/09\/Weihnachtsbild06-1920x1920.jpg 1920w\" sizes=\"(max-width: 420px) 100vw, 420px\" alt=\"\">\r\n                            <\/a>\r\n                            \r\n                        <\/figure>\r\n                    <\/div>\r\n                    <div class = \"td-slide-item td-item9\">\r\n                        <figure class=\"td-slide-galery-figure td-slide-popup-gallery\">\r\n                            <a class=\"slide-gallery-image-link\" href=\"https:\/\/de.onlineprinters.ch\/magazin\/wp-content\/uploads\/2019\/09\/Weihnachtsbild04.jpg\" title=\"Red Car Carrying A Christmas Tree in The Snowy Forest\"  data-caption=\"\"  data-description=\"\">\r\n                                <img decoding=\"async\" src=\"https:\/\/de.onlineprinters.ch\/magazin\/wp-content\/uploads\/2019\/09\/Weihnachtsbild04.jpg\" alt=\"\">\r\n                            <\/a>\r\n                            \r\n                        <\/figure>\r\n                    <\/div>\r\n                    <div class = \"td-slide-item td-item10\">\r\n                        <figure class=\"td-modal-image td-slide-galery-figure td-slide-popup-gallery\">\r\n                            <a class=\"slide-gallery-image-link\" href=\"https:\/\/de.onlineprinters.ch\/magazin\/wp-content\/uploads\/2019\/09\/Sketchnotes-rot-quer.png\" title=\"Sketchnotes-rot-quer\"  data-caption=\"\"  data-description=\"\">\r\n                                <img decoding=\"async\" src=\"https:\/\/de.onlineprinters.ch\/magazin\/wp-content\/uploads\/2019\/09\/Sketchnotes-rot-quer-594x420.png\" srcset=\"https:\/\/de.onlineprinters.ch\/magazin\/wp-content\/uploads\/2019\/09\/Sketchnotes-rot-quer-594x420.png 594w, https:\/\/de.onlineprinters.ch\/magazin\/wp-content\/uploads\/2019\/09\/Sketchnotes-rot-quer-300x212.png 300w, https:\/\/de.onlineprinters.ch\/magazin\/wp-content\/uploads\/2019\/09\/Sketchnotes-rot-quer-768x543.png 768w, https:\/\/de.onlineprinters.ch\/magazin\/wp-content\/uploads\/2019\/09\/Sketchnotes-rot-quer-1024x724.png 1024w, https:\/\/de.onlineprinters.ch\/magazin\/wp-content\/uploads\/2019\/09\/Sketchnotes-rot-quer-100x70.png 100w, https:\/\/de.onlineprinters.ch\/magazin\/wp-content\/uploads\/2019\/09\/Sketchnotes-rot-quer-696x492.png 696w, https:\/\/de.onlineprinters.ch\/magazin\/wp-content\/uploads\/2019\/09\/Sketchnotes-rot-quer-1068x755.png 1068w, https:\/\/de.onlineprinters.ch\/magazin\/wp-content\/uploads\/2019\/09\/Sketchnotes-rot-quer-1920x1357.png 1920w\" sizes=\"(max-width: 594px) 100vw, 594px\" alt=\"\">\r\n                            <\/a>\r\n                            \r\n                        <\/figure>\r\n                    <\/div>\r\n                    <div class = \"td-slide-item td-item11\">\r\n                        <figure class=\"td-slide-galery-figure td-slide-popup-gallery\">\r\n                            <a class=\"slide-gallery-image-link\" href=\"https:\/\/de.onlineprinters.ch\/magazin\/wp-content\/uploads\/2019\/09\/Sketchnotes-rot-hoch.png\" title=\"Sketchnotes-rot-hoch\"  data-caption=\"\"  data-description=\"\">\r\n                                <img decoding=\"async\" src=\"https:\/\/de.onlineprinters.ch\/magazin\/wp-content\/uploads\/2019\/09\/Sketchnotes-rot-hoch-304x420.png\" srcset=\"https:\/\/de.onlineprinters.ch\/magazin\/wp-content\/uploads\/2019\/09\/Sketchnotes-rot-hoch-304x420.png 304w, https:\/\/de.onlineprinters.ch\/magazin\/wp-content\/uploads\/2019\/09\/Sketchnotes-rot-hoch-217x300.png 217w, https:\/\/de.onlineprinters.ch\/magazin\/wp-content\/uploads\/2019\/09\/Sketchnotes-rot-hoch-768x1059.png 768w, https:\/\/de.onlineprinters.ch\/magazin\/wp-content\/uploads\/2019\/09\/Sketchnotes-rot-hoch-742x1024.png 742w, https:\/\/de.onlineprinters.ch\/magazin\/wp-content\/uploads\/2019\/09\/Sketchnotes-rot-hoch-696x960.png 696w, https:\/\/de.onlineprinters.ch\/magazin\/wp-content\/uploads\/2019\/09\/Sketchnotes-rot-hoch-1068x1473.png 1068w, https:\/\/de.onlineprinters.ch\/magazin\/wp-content\/uploads\/2019\/09\/Sketchnotes-rot-hoch-1920x2649.png 1920w\" sizes=\"(max-width: 304px) 100vw, 304px\" alt=\"\">\r\n                            <\/a>\r\n                            \r\n                        <\/figure>\r\n                    <\/div>\r\n                    <div class = \"td-slide-item td-item12\">\r\n                        <figure class=\"td-modal-image td-slide-galery-figure td-slide-popup-gallery\">\r\n                            <a class=\"slide-gallery-image-link\" href=\"https:\/\/de.onlineprinters.ch\/magazin\/wp-content\/uploads\/2019\/09\/Sketchnotes-blau-quer.png\" title=\"Sketchnotes-blau-quer\"  data-caption=\"\"  data-description=\"\">\r\n                                <img decoding=\"async\" src=\"https:\/\/de.onlineprinters.ch\/magazin\/wp-content\/uploads\/2019\/09\/Sketchnotes-blau-quer-594x420.png\" srcset=\"https:\/\/de.onlineprinters.ch\/magazin\/wp-content\/uploads\/2019\/09\/Sketchnotes-blau-quer-594x420.png 594w, https:\/\/de.onlineprinters.ch\/magazin\/wp-content\/uploads\/2019\/09\/Sketchnotes-blau-quer-300x212.png 300w, https:\/\/de.onlineprinters.ch\/magazin\/wp-content\/uploads\/2019\/09\/Sketchnotes-blau-quer-768x543.png 768w, https:\/\/de.onlineprinters.ch\/magazin\/wp-content\/uploads\/2019\/09\/Sketchnotes-blau-quer-1024x724.png 1024w, https:\/\/de.onlineprinters.ch\/magazin\/wp-content\/uploads\/2019\/09\/Sketchnotes-blau-quer-100x70.png 100w, https:\/\/de.onlineprinters.ch\/magazin\/wp-content\/uploads\/2019\/09\/Sketchnotes-blau-quer-696x492.png 696w, https:\/\/de.onlineprinters.ch\/magazin\/wp-content\/uploads\/2019\/09\/Sketchnotes-blau-quer-1068x755.png 1068w, https:\/\/de.onlineprinters.ch\/magazin\/wp-content\/uploads\/2019\/09\/Sketchnotes-blau-quer-1920x1357.png 1920w\" sizes=\"(max-width: 594px) 100vw, 594px\" alt=\"\">\r\n                            <\/a>\r\n                            \r\n                        <\/figure>\r\n                    <\/div>\r\n                    <div class = \"td-slide-item td-item13\">\r\n                        <figure class=\"td-slide-galery-figure td-slide-popup-gallery\">\r\n                            <a class=\"slide-gallery-image-link\" href=\"https:\/\/de.onlineprinters.ch\/magazin\/wp-content\/uploads\/2019\/09\/Sketchnotes-blau-hoch.png\" title=\"Sketchnotes-blau-hoch\"  data-caption=\"\"  data-description=\"\">\r\n                                <img decoding=\"async\" src=\"https:\/\/de.onlineprinters.ch\/magazin\/wp-content\/uploads\/2019\/09\/Sketchnotes-blau-hoch-304x420.png\" srcset=\"https:\/\/de.onlineprinters.ch\/magazin\/wp-content\/uploads\/2019\/09\/Sketchnotes-blau-hoch-304x420.png 304w, https:\/\/de.onlineprinters.ch\/magazin\/wp-content\/uploads\/2019\/09\/Sketchnotes-blau-hoch-217x300.png 217w, https:\/\/de.onlineprinters.ch\/magazin\/wp-content\/uploads\/2019\/09\/Sketchnotes-blau-hoch-768x1059.png 768w, https:\/\/de.onlineprinters.ch\/magazin\/wp-content\/uploads\/2019\/09\/Sketchnotes-blau-hoch-742x1024.png 742w, https:\/\/de.onlineprinters.ch\/magazin\/wp-content\/uploads\/2019\/09\/Sketchnotes-blau-hoch-696x960.png 696w, https:\/\/de.onlineprinters.ch\/magazin\/wp-content\/uploads\/2019\/09\/Sketchnotes-blau-hoch-1068x1473.png 1068w, https:\/\/de.onlineprinters.ch\/magazin\/wp-content\/uploads\/2019\/09\/Sketchnotes-blau-hoch-1920x2649.png 1920w\" sizes=\"(max-width: 304px) 100vw, 304px\" alt=\"\">\r\n                            <\/a>\r\n                            \r\n                        <\/figure>\r\n                    <\/div>\r\n                    <div class = \"td-slide-item td-item14\">\r\n                        <figure class=\"td-modal-image td-slide-galery-figure td-slide-popup-gallery\">\r\n                            <a class=\"slide-gallery-image-link\" href=\"https:\/\/de.onlineprinters.ch\/magazin\/wp-content\/uploads\/2019\/09\/Motiv16.jpg\" title=\"Motiv16\"  data-caption=\"\"  data-description=\"\">\r\n                                <img decoding=\"async\" src=\"https:\/\/de.onlineprinters.ch\/magazin\/wp-content\/uploads\/2019\/09\/Motiv16-594x420.jpg\" srcset=\"https:\/\/de.onlineprinters.ch\/magazin\/wp-content\/uploads\/2019\/09\/Motiv16-594x420.jpg 594w, https:\/\/de.onlineprinters.ch\/magazin\/wp-content\/uploads\/2019\/09\/Motiv16-300x212.jpg 300w, https:\/\/de.onlineprinters.ch\/magazin\/wp-content\/uploads\/2019\/09\/Motiv16-768x543.jpg 768w, https:\/\/de.onlineprinters.ch\/magazin\/wp-content\/uploads\/2019\/09\/Motiv16-1024x724.jpg 1024w, https:\/\/de.onlineprinters.ch\/magazin\/wp-content\/uploads\/2019\/09\/Motiv16-100x70.jpg 100w, https:\/\/de.onlineprinters.ch\/magazin\/wp-content\/uploads\/2019\/09\/Motiv16-696x492.jpg 696w, https:\/\/de.onlineprinters.ch\/magazin\/wp-content\/uploads\/2019\/09\/Motiv16-1068x755.jpg 1068w, https:\/\/de.onlineprinters.ch\/magazin\/wp-content\/uploads\/2019\/09\/Motiv16-1920x1358.jpg 1920w\" sizes=\"(max-width: 594px) 100vw, 594px\" alt=\"\">\r\n                            <\/a>\r\n                            \r\n                        <\/figure>\r\n                    <\/div>\r\n                    <div class = \"td-slide-item td-item15\">\r\n                        <figure class=\"td-slide-galery-figure td-slide-popup-gallery\">\r\n                            <a class=\"slide-gallery-image-link\" href=\"https:\/\/de.onlineprinters.ch\/magazin\/wp-content\/uploads\/2019\/09\/Motiv15.jpg\" title=\"Motiv15\"  data-caption=\"\"  data-description=\"\">\r\n                                <img decoding=\"async\" src=\"https:\/\/de.onlineprinters.ch\/magazin\/wp-content\/uploads\/2019\/09\/Motiv15-594x420.jpg\" srcset=\"https:\/\/de.onlineprinters.ch\/magazin\/wp-content\/uploads\/2019\/09\/Motiv15-594x420.jpg 594w, https:\/\/de.onlineprinters.ch\/magazin\/wp-content\/uploads\/2019\/09\/Motiv15-300x212.jpg 300w, https:\/\/de.onlineprinters.ch\/magazin\/wp-content\/uploads\/2019\/09\/Motiv15-768x543.jpg 768w, https:\/\/de.onlineprinters.ch\/magazin\/wp-content\/uploads\/2019\/09\/Motiv15-1024x724.jpg 1024w, https:\/\/de.onlineprinters.ch\/magazin\/wp-content\/uploads\/2019\/09\/Motiv15-100x70.jpg 100w, https:\/\/de.onlineprinters.ch\/magazin\/wp-content\/uploads\/2019\/09\/Motiv15-696x492.jpg 696w, https:\/\/de.onlineprinters.ch\/magazin\/wp-content\/uploads\/2019\/09\/Motiv15-1068x755.jpg 1068w, https:\/\/de.onlineprinters.ch\/magazin\/wp-content\/uploads\/2019\/09\/Motiv15-1920x1358.jpg 1920w\" sizes=\"(max-width: 594px) 100vw, 594px\" alt=\"\">\r\n                            <\/a>\r\n                            \r\n                        <\/figure>\r\n                    <\/div>\r\n                    <div class = \"td-slide-item td-item16\">\r\n                        <figure class=\"td-modal-image td-slide-galery-figure td-slide-popup-gallery\">\r\n                            <a class=\"slide-gallery-image-link\" href=\"https:\/\/de.onlineprinters.ch\/magazin\/wp-content\/uploads\/2019\/09\/Motiv14.jpg\" title=\"Motiv14\"  data-caption=\"\"  data-description=\"\">\r\n                                <img decoding=\"async\" src=\"https:\/\/de.onlineprinters.ch\/magazin\/wp-content\/uploads\/2019\/09\/Motiv14-297x420.jpg\" srcset=\"https:\/\/de.onlineprinters.ch\/magazin\/wp-content\/uploads\/2019\/09\/Motiv14-297x420.jpg 297w, https:\/\/de.onlineprinters.ch\/magazin\/wp-content\/uploads\/2019\/09\/Motiv14-212x300.jpg 212w, https:\/\/de.onlineprinters.ch\/magazin\/wp-content\/uploads\/2019\/09\/Motiv14-768x1086.jpg 768w, https:\/\/de.onlineprinters.ch\/magazin\/wp-content\/uploads\/2019\/09\/Motiv14-724x1024.jpg 724w, https:\/\/de.onlineprinters.ch\/magazin\/wp-content\/uploads\/2019\/09\/Motiv14-696x984.jpg 696w, https:\/\/de.onlineprinters.ch\/magazin\/wp-content\/uploads\/2019\/09\/Motiv14-1068x1510.jpg 1068w, https:\/\/de.onlineprinters.ch\/magazin\/wp-content\/uploads\/2019\/09\/Motiv14-1920x2715.jpg 1920w\" sizes=\"(max-width: 297px) 100vw, 297px\" alt=\"\">\r\n                            <\/a>\r\n                            \r\n                        <\/figure>\r\n                    <\/div>\r\n                    <div class = \"td-slide-item td-item17\">\r\n                        <figure class=\"td-slide-galery-figure td-slide-popup-gallery\">\r\n                            <a class=\"slide-gallery-image-link\" href=\"https:\/\/de.onlineprinters.ch\/magazin\/wp-content\/uploads\/2019\/09\/Motiv13.jpg\" title=\"Motiv13\"  data-caption=\"\"  data-description=\"\">\r\n                                <img decoding=\"async\" src=\"https:\/\/de.onlineprinters.ch\/magazin\/wp-content\/uploads\/2019\/09\/Motiv13-594x420.jpg\" srcset=\"https:\/\/de.onlineprinters.ch\/magazin\/wp-content\/uploads\/2019\/09\/Motiv13-594x420.jpg 594w, https:\/\/de.onlineprinters.ch\/magazin\/wp-content\/uploads\/2019\/09\/Motiv13-300x212.jpg 300w, https:\/\/de.onlineprinters.ch\/magazin\/wp-content\/uploads\/2019\/09\/Motiv13-768x543.jpg 768w, https:\/\/de.onlineprinters.ch\/magazin\/wp-content\/uploads\/2019\/09\/Motiv13-1024x724.jpg 1024w, https:\/\/de.onlineprinters.ch\/magazin\/wp-content\/uploads\/2019\/09\/Motiv13-100x70.jpg 100w, https:\/\/de.onlineprinters.ch\/magazin\/wp-content\/uploads\/2019\/09\/Motiv13-696x492.jpg 696w, https:\/\/de.onlineprinters.ch\/magazin\/wp-content\/uploads\/2019\/09\/Motiv13-1068x755.jpg 1068w, https:\/\/de.onlineprinters.ch\/magazin\/wp-content\/uploads\/2019\/09\/Motiv13-1920x1358.jpg 1920w\" sizes=\"(max-width: 594px) 100vw, 594px\" alt=\"\">\r\n                            <\/a>\r\n                            \r\n                        <\/figure>\r\n                    <\/div>\r\n                    <div class = \"td-slide-item td-item18\">\r\n                        <figure class=\"td-modal-image td-slide-galery-figure td-slide-popup-gallery\">\r\n                            <a class=\"slide-gallery-image-link\" href=\"https:\/\/de.onlineprinters.ch\/magazin\/wp-content\/uploads\/2019\/09\/Motiv12.jpg\" title=\"Motiv12\"  data-caption=\"\"  data-description=\"\">\r\n                                <img decoding=\"async\" src=\"https:\/\/de.onlineprinters.ch\/magazin\/wp-content\/uploads\/2019\/09\/Motiv12-594x420.jpg\" srcset=\"https:\/\/de.onlineprinters.ch\/magazin\/wp-content\/uploads\/2019\/09\/Motiv12-594x420.jpg 594w, https:\/\/de.onlineprinters.ch\/magazin\/wp-content\/uploads\/2019\/09\/Motiv12-300x212.jpg 300w, https:\/\/de.onlineprinters.ch\/magazin\/wp-content\/uploads\/2019\/09\/Motiv12-768x543.jpg 768w, https:\/\/de.onlineprinters.ch\/magazin\/wp-content\/uploads\/2019\/09\/Motiv12-1024x724.jpg 1024w, https:\/\/de.onlineprinters.ch\/magazin\/wp-content\/uploads\/2019\/09\/Motiv12-100x70.jpg 100w, https:\/\/de.onlineprinters.ch\/magazin\/wp-content\/uploads\/2019\/09\/Motiv12-696x492.jpg 696w, https:\/\/de.onlineprinters.ch\/magazin\/wp-content\/uploads\/2019\/09\/Motiv12-1068x755.jpg 1068w, https:\/\/de.onlineprinters.ch\/magazin\/wp-content\/uploads\/2019\/09\/Motiv12-1920x1358.jpg 1920w\" sizes=\"(max-width: 594px) 100vw, 594px\" alt=\"\">\r\n                            <\/a>\r\n                            \r\n                        <\/figure>\r\n                    <\/div>\r\n                    <div class = \"td-slide-item td-item19\">\r\n                        <figure class=\"td-slide-galery-figure td-slide-popup-gallery\">\r\n                            <a class=\"slide-gallery-image-link\" href=\"https:\/\/de.onlineprinters.ch\/magazin\/wp-content\/uploads\/2019\/09\/Motiv11.jpg\" title=\"Motiv11\"  data-caption=\"\"  data-description=\"\">\r\n                                <img decoding=\"async\" src=\"https:\/\/de.onlineprinters.ch\/magazin\/wp-content\/uploads\/2019\/09\/Motiv11-297x420.jpg\" srcset=\"https:\/\/de.onlineprinters.ch\/magazin\/wp-content\/uploads\/2019\/09\/Motiv11-297x420.jpg 297w, https:\/\/de.onlineprinters.ch\/magazin\/wp-content\/uploads\/2019\/09\/Motiv11-212x300.jpg 212w, https:\/\/de.onlineprinters.ch\/magazin\/wp-content\/uploads\/2019\/09\/Motiv11-768x1086.jpg 768w, https:\/\/de.onlineprinters.ch\/magazin\/wp-content\/uploads\/2019\/09\/Motiv11-724x1024.jpg 724w, https:\/\/de.onlineprinters.ch\/magazin\/wp-content\/uploads\/2019\/09\/Motiv11-696x984.jpg 696w, https:\/\/de.onlineprinters.ch\/magazin\/wp-content\/uploads\/2019\/09\/Motiv11-1068x1510.jpg 1068w, https:\/\/de.onlineprinters.ch\/magazin\/wp-content\/uploads\/2019\/09\/Motiv11-1920x2715.jpg 1920w\" sizes=\"(max-width: 297px) 100vw, 297px\" alt=\"\">\r\n                            <\/a>\r\n                            \r\n                        <\/figure>\r\n                    <\/div>\r\n                    <div class = \"td-slide-item td-item20\">\r\n                        <figure class=\"td-modal-image td-slide-galery-figure td-slide-popup-gallery\">\r\n                            <a class=\"slide-gallery-image-link\" href=\"https:\/\/de.onlineprinters.ch\/magazin\/wp-content\/uploads\/2019\/09\/CARxmas.jpg\" title=\"CARxmas\"  data-caption=\"\"  data-description=\"\">\r\n                                <img decoding=\"async\" src=\"https:\/\/de.onlineprinters.ch\/magazin\/wp-content\/uploads\/2019\/09\/CARxmas-594x420.jpg\" srcset=\"https:\/\/de.onlineprinters.ch\/magazin\/wp-content\/uploads\/2019\/09\/CARxmas-594x420.jpg 594w, https:\/\/de.onlineprinters.ch\/magazin\/wp-content\/uploads\/2019\/09\/CARxmas-300x212.jpg 300w, https:\/\/de.onlineprinters.ch\/magazin\/wp-content\/uploads\/2019\/09\/CARxmas-768x543.jpg 768w, https:\/\/de.onlineprinters.ch\/magazin\/wp-content\/uploads\/2019\/09\/CARxmas-1024x724.jpg 1024w, https:\/\/de.onlineprinters.ch\/magazin\/wp-content\/uploads\/2019\/09\/CARxmas-100x70.jpg 100w, https:\/\/de.onlineprinters.ch\/magazin\/wp-content\/uploads\/2019\/09\/CARxmas-696x492.jpg 696w, https:\/\/de.onlineprinters.ch\/magazin\/wp-content\/uploads\/2019\/09\/CARxmas-1068x755.jpg 1068w, https:\/\/de.onlineprinters.ch\/magazin\/wp-content\/uploads\/2019\/09\/CARxmas-1920x1357.jpg 1920w, https:\/\/de.onlineprinters.ch\/magazin\/wp-content\/uploads\/2019\/09\/CARxmas.jpg 2000w\" sizes=\"(max-width: 594px) 100vw, 594px\" alt=\"\">\r\n                            <\/a>\r\n                            \r\n                        <\/figure>\r\n                    <\/div>\r\n                    <div class = \"td-slide-item td-item21\">\r\n                        <figure class=\"td-slide-galery-figure td-slide-popup-gallery\">\r\n                            <a class=\"slide-gallery-image-link\" href=\"https:\/\/de.onlineprinters.ch\/magazin\/wp-content\/uploads\/2019\/09\/Alpaka2-07.jpg\" title=\"Alpaka2-07\"  data-caption=\"\"  data-description=\"\">\r\n                                <img decoding=\"async\" src=\"https:\/\/de.onlineprinters.ch\/magazin\/wp-content\/uploads\/2019\/09\/Alpaka2-07-747x420.jpg\" srcset=\"https:\/\/de.onlineprinters.ch\/magazin\/wp-content\/uploads\/2019\/09\/Alpaka2-07-747x420.jpg 747w, https:\/\/de.onlineprinters.ch\/magazin\/wp-content\/uploads\/2019\/09\/Alpaka2-07-300x169.jpg 300w, https:\/\/de.onlineprinters.ch\/magazin\/wp-content\/uploads\/2019\/09\/Alpaka2-07-768x432.jpg 768w, https:\/\/de.onlineprinters.ch\/magazin\/wp-content\/uploads\/2019\/09\/Alpaka2-07-1024x576.jpg 1024w, https:\/\/de.onlineprinters.ch\/magazin\/wp-content\/uploads\/2019\/09\/Alpaka2-07-696x391.jpg 696w, https:\/\/de.onlineprinters.ch\/magazin\/wp-content\/uploads\/2019\/09\/Alpaka2-07-1068x600.jpg 1068w, https:\/\/de.onlineprinters.ch\/magazin\/wp-content\/uploads\/2019\/09\/Alpaka2-07.jpg 1366w\" sizes=\"(max-width: 747px) 100vw, 747px\" alt=\"\">\r\n                            <\/a>\r\n                            \r\n                        <\/figure>\r\n                    <\/div>\r\n                    <div class = \"td-slide-item td-item22\">\r\n                        <figure class=\"td-modal-image td-slide-galery-figure td-slide-popup-gallery\">\r\n                            <a class=\"slide-gallery-image-link\" href=\"https:\/\/de.onlineprinters.ch\/magazin\/wp-content\/uploads\/2019\/09\/Alpaka2-06.jpg\" title=\"Alpaka2-06\"  data-caption=\"\"  data-description=\"\">\r\n                                <img decoding=\"async\" src=\"https:\/\/de.onlineprinters.ch\/magazin\/wp-content\/uploads\/2019\/09\/Alpaka2-06-747x420.jpg\" srcset=\"https:\/\/de.onlineprinters.ch\/magazin\/wp-content\/uploads\/2019\/09\/Alpaka2-06-747x420.jpg 747w, https:\/\/de.onlineprinters.ch\/magazin\/wp-content\/uploads\/2019\/09\/Alpaka2-06-300x169.jpg 300w, https:\/\/de.onlineprinters.ch\/magazin\/wp-content\/uploads\/2019\/09\/Alpaka2-06-768x432.jpg 768w, https:\/\/de.onlineprinters.ch\/magazin\/wp-content\/uploads\/2019\/09\/Alpaka2-06-1024x576.jpg 1024w, https:\/\/de.onlineprinters.ch\/magazin\/wp-content\/uploads\/2019\/09\/Alpaka2-06-696x391.jpg 696w, https:\/\/de.onlineprinters.ch\/magazin\/wp-content\/uploads\/2019\/09\/Alpaka2-06-1068x600.jpg 1068w, https:\/\/de.onlineprinters.ch\/magazin\/wp-content\/uploads\/2019\/09\/Alpaka2-06.jpg 1366w\" sizes=\"(max-width: 747px) 100vw, 747px\" alt=\"\">\r\n                            <\/a>\r\n                            \r\n                        <\/figure>\r\n                    <\/div>\r\n                    <div class = \"td-slide-item td-item23\">\r\n                        <figure class=\"td-slide-galery-figure td-slide-popup-gallery\">\r\n                            <a class=\"slide-gallery-image-link\" href=\"https:\/\/de.onlineprinters.ch\/magazin\/wp-content\/uploads\/2019\/09\/Alpaka1-02.jpg\" title=\"Alpaka1-02\"  data-caption=\"\"  data-description=\"\">\r\n                                <img decoding=\"async\" src=\"https:\/\/de.onlineprinters.ch\/magazin\/wp-content\/uploads\/2019\/09\/Alpaka1-02-747x420.jpg\" srcset=\"https:\/\/de.onlineprinters.ch\/magazin\/wp-content\/uploads\/2019\/09\/Alpaka1-02-747x420.jpg 747w, https:\/\/de.onlineprinters.ch\/magazin\/wp-content\/uploads\/2019\/09\/Alpaka1-02-300x169.jpg 300w, https:\/\/de.onlineprinters.ch\/magazin\/wp-content\/uploads\/2019\/09\/Alpaka1-02-768x432.jpg 768w, https:\/\/de.onlineprinters.ch\/magazin\/wp-content\/uploads\/2019\/09\/Alpaka1-02-1024x576.jpg 1024w, https:\/\/de.onlineprinters.ch\/magazin\/wp-content\/uploads\/2019\/09\/Alpaka1-02-696x391.jpg 696w, https:\/\/de.onlineprinters.ch\/magazin\/wp-content\/uploads\/2019\/09\/Alpaka1-02-1068x600.jpg 1068w, https:\/\/de.onlineprinters.ch\/magazin\/wp-content\/uploads\/2019\/09\/Alpaka1-02.jpg 1366w\" sizes=\"(max-width: 747px) 100vw, 747px\" alt=\"\">\r\n                            <\/a>\r\n                            \r\n                        <\/figure>\r\n                    <\/div>\r\n                    <div class = \"td-slide-item td-item24\">\r\n                        <figure class=\"td-modal-image td-slide-galery-figure td-slide-popup-gallery\">\r\n                            <a class=\"slide-gallery-image-link\" href=\"https:\/\/de.onlineprinters.ch\/magazin\/wp-content\/uploads\/2019\/09\/Alpaka1-04.jpg\" title=\"Alpaka1-04\"  data-caption=\"\"  data-description=\"\">\r\n                                <img decoding=\"async\" src=\"https:\/\/de.onlineprinters.ch\/magazin\/wp-content\/uploads\/2019\/09\/Alpaka1-04-747x420.jpg\" srcset=\"https:\/\/de.onlineprinters.ch\/magazin\/wp-content\/uploads\/2019\/09\/Alpaka1-04-747x420.jpg 747w, https:\/\/de.onlineprinters.ch\/magazin\/wp-content\/uploads\/2019\/09\/Alpaka1-04-300x169.jpg 300w, https:\/\/de.onlineprinters.ch\/magazin\/wp-content\/uploads\/2019\/09\/Alpaka1-04-768x432.jpg 768w, https:\/\/de.onlineprinters.ch\/magazin\/wp-content\/uploads\/2019\/09\/Alpaka1-04-1024x576.jpg 1024w, https:\/\/de.onlineprinters.ch\/magazin\/wp-content\/uploads\/2019\/09\/Alpaka1-04-696x391.jpg 696w, https:\/\/de.onlineprinters.ch\/magazin\/wp-content\/uploads\/2019\/09\/Alpaka1-04-1068x600.jpg 1068w, https:\/\/de.onlineprinters.ch\/magazin\/wp-content\/uploads\/2019\/09\/Alpaka1-04.jpg 1366w\" sizes=\"(max-width: 747px) 100vw, 747px\" alt=\"\">\r\n                            <\/a>\r\n                            \r\n                        <\/figure>\r\n                    <\/div>\r\n                    <div class = \"td-slide-item td-item25\">\r\n                        <figure class=\"td-slide-galery-figure td-slide-popup-gallery\">\r\n                            <a class=\"slide-gallery-image-link\" href=\"https:\/\/de.onlineprinters.ch\/magazin\/wp-content\/uploads\/2019\/09\/Alpaka-02.jpg\" title=\"Alpaka-02\"  data-caption=\"\"  data-description=\"\">\r\n                                <img decoding=\"async\" src=\"https:\/\/de.onlineprinters.ch\/magazin\/wp-content\/uploads\/2019\/09\/Alpaka-02-747x420.jpg\" srcset=\"https:\/\/de.onlineprinters.ch\/magazin\/wp-content\/uploads\/2019\/09\/Alpaka-02-747x420.jpg 747w, https:\/\/de.onlineprinters.ch\/magazin\/wp-content\/uploads\/2019\/09\/Alpaka-02-300x169.jpg 300w, https:\/\/de.onlineprinters.ch\/magazin\/wp-content\/uploads\/2019\/09\/Alpaka-02-768x432.jpg 768w, https:\/\/de.onlineprinters.ch\/magazin\/wp-content\/uploads\/2019\/09\/Alpaka-02-1024x576.jpg 1024w, https:\/\/de.onlineprinters.ch\/magazin\/wp-content\/uploads\/2019\/09\/Alpaka-02-696x391.jpg 696w, https:\/\/de.onlineprinters.ch\/magazin\/wp-content\/uploads\/2019\/09\/Alpaka-02-1068x600.jpg 1068w, https:\/\/de.onlineprinters.ch\/magazin\/wp-content\/uploads\/2019\/09\/Alpaka-02.jpg 1366w\" sizes=\"(max-width: 747px) 100vw, 747px\" alt=\"\">\r\n                            <\/a>\r\n                            \r\n                        <\/figure>\r\n                    <\/div>\r\n                    <div class = \"td-slide-item td-item26\">\r\n                        <figure class=\"td-modal-image td-slide-galery-figure td-slide-popup-gallery\">\r\n                            <a class=\"slide-gallery-image-link\" href=\"https:\/\/de.onlineprinters.ch\/magazin\/wp-content\/uploads\/2019\/09\/Alpaka2_Zeichenfl\u00e4che-1.jpg\" title=\"Alpaka2_Zeichenfl\u00e4che-1\"  data-caption=\"\"  data-description=\"\">\r\n                                <img decoding=\"async\" src=\"https:\/\/de.onlineprinters.ch\/magazin\/wp-content\/uploads\/2019\/09\/Alpaka2_Zeichenfl\u00e4che-1-747x420.jpg\" srcset=\"https:\/\/de.onlineprinters.ch\/magazin\/wp-content\/uploads\/2019\/09\/Alpaka2_Zeichenfl\u00e4che-1-747x420.jpg 747w, https:\/\/de.onlineprinters.ch\/magazin\/wp-content\/uploads\/2019\/09\/Alpaka2_Zeichenfl\u00e4che-1-300x169.jpg 300w, https:\/\/de.onlineprinters.ch\/magazin\/wp-content\/uploads\/2019\/09\/Alpaka2_Zeichenfl\u00e4che-1-768x432.jpg 768w, https:\/\/de.onlineprinters.ch\/magazin\/wp-content\/uploads\/2019\/09\/Alpaka2_Zeichenfl\u00e4che-1-1024x576.jpg 1024w, https:\/\/de.onlineprinters.ch\/magazin\/wp-content\/uploads\/2019\/09\/Alpaka2_Zeichenfl\u00e4che-1-696x391.jpg 696w, https:\/\/de.onlineprinters.ch\/magazin\/wp-content\/uploads\/2019\/09\/Alpaka2_Zeichenfl\u00e4che-1-1068x600.jpg 1068w, https:\/\/de.onlineprinters.ch\/magazin\/wp-content\/uploads\/2019\/09\/Alpaka2_Zeichenfl\u00e4che-1.jpg 1366w\" sizes=\"(max-width: 747px) 100vw, 747px\" alt=\"\">\r\n                            <\/a>\r\n                            \r\n                        <\/figure>\r\n                    <\/div>\r\n                    <div class = \"td-slide-item td-item27\">\r\n                        <figure class=\"td-slide-galery-figure td-slide-popup-gallery\">\r\n                            <a class=\"slide-gallery-image-link\" href=\"https:\/\/de.onlineprinters.ch\/magazin\/wp-content\/uploads\/2019\/09\/Alpaka2-02.jpg\" title=\"Alpaka2-02\"  data-caption=\"\"  data-description=\"\">\r\n                                <img decoding=\"async\" src=\"https:\/\/de.onlineprinters.ch\/magazin\/wp-content\/uploads\/2019\/09\/Alpaka2-02-747x420.jpg\" srcset=\"https:\/\/de.onlineprinters.ch\/magazin\/wp-content\/uploads\/2019\/09\/Alpaka2-02-747x420.jpg 747w, https:\/\/de.onlineprinters.ch\/magazin\/wp-content\/uploads\/2019\/09\/Alpaka2-02-300x169.jpg 300w, https:\/\/de.onlineprinters.ch\/magazin\/wp-content\/uploads\/2019\/09\/Alpaka2-02-768x432.jpg 768w, https:\/\/de.onlineprinters.ch\/magazin\/wp-content\/uploads\/2019\/09\/Alpaka2-02-1024x576.jpg 1024w, https:\/\/de.onlineprinters.ch\/magazin\/wp-content\/uploads\/2019\/09\/Alpaka2-02-696x391.jpg 696w, https:\/\/de.onlineprinters.ch\/magazin\/wp-content\/uploads\/2019\/09\/Alpaka2-02-1068x600.jpg 1068w, https:\/\/de.onlineprinters.ch\/magazin\/wp-content\/uploads\/2019\/09\/Alpaka2-02.jpg 1366w\" sizes=\"(max-width: 747px) 100vw, 747px\" alt=\"\">\r\n                            <\/a>\r\n                            \r\n                        <\/figure>\r\n                    <\/div>\r\n                    <div class = \"td-slide-item td-item28\">\r\n                        <figure class=\"td-modal-image td-slide-galery-figure td-slide-popup-gallery\">\r\n                            <a class=\"slide-gallery-image-link\" href=\"https:\/\/de.onlineprinters.ch\/magazin\/wp-content\/uploads\/2019\/09\/Alpaka2-03.jpg\" title=\"Alpaka2-03\"  data-caption=\"\"  data-description=\"\">\r\n                                <img decoding=\"async\" src=\"https:\/\/de.onlineprinters.ch\/magazin\/wp-content\/uploads\/2019\/09\/Alpaka2-03-747x420.jpg\" srcset=\"https:\/\/de.onlineprinters.ch\/magazin\/wp-content\/uploads\/2019\/09\/Alpaka2-03-747x420.jpg 747w, https:\/\/de.onlineprinters.ch\/magazin\/wp-content\/uploads\/2019\/09\/Alpaka2-03-300x169.jpg 300w, https:\/\/de.onlineprinters.ch\/magazin\/wp-content\/uploads\/2019\/09\/Alpaka2-03-768x432.jpg 768w, https:\/\/de.onlineprinters.ch\/magazin\/wp-content\/uploads\/2019\/09\/Alpaka2-03-1024x576.jpg 1024w, https:\/\/de.onlineprinters.ch\/magazin\/wp-content\/uploads\/2019\/09\/Alpaka2-03-696x391.jpg 696w, https:\/\/de.onlineprinters.ch\/magazin\/wp-content\/uploads\/2019\/09\/Alpaka2-03-1068x600.jpg 1068w, https:\/\/de.onlineprinters.ch\/magazin\/wp-content\/uploads\/2019\/09\/Alpaka2-03.jpg 1366w\" sizes=\"(max-width: 747px) 100vw, 747px\" alt=\"\">\r\n                            <\/a>\r\n                            \r\n                        <\/figure>\r\n                    <\/div>\r\n                    <div class = \"td-slide-item td-item29\">\r\n                        <figure class=\"td-slide-galery-figure td-slide-popup-gallery\">\r\n                            <a class=\"slide-gallery-image-link\" href=\"https:\/\/de.onlineprinters.ch\/magazin\/wp-content\/uploads\/2019\/09\/Alpaka2-04.jpg\" title=\"Alpaka2-04\"  data-caption=\"\"  data-description=\"\">\r\n                                <img decoding=\"async\" src=\"https:\/\/de.onlineprinters.ch\/magazin\/wp-content\/uploads\/2019\/09\/Alpaka2-04-747x420.jpg\" srcset=\"https:\/\/de.onlineprinters.ch\/magazin\/wp-content\/uploads\/2019\/09\/Alpaka2-04-747x420.jpg 747w, https:\/\/de.onlineprinters.ch\/magazin\/wp-content\/uploads\/2019\/09\/Alpaka2-04-300x169.jpg 300w, https:\/\/de.onlineprinters.ch\/magazin\/wp-content\/uploads\/2019\/09\/Alpaka2-04-768x432.jpg 768w, https:\/\/de.onlineprinters.ch\/magazin\/wp-content\/uploads\/2019\/09\/Alpaka2-04-1024x576.jpg 1024w, https:\/\/de.onlineprinters.ch\/magazin\/wp-content\/uploads\/2019\/09\/Alpaka2-04-696x391.jpg 696w, https:\/\/de.onlineprinters.ch\/magazin\/wp-content\/uploads\/2019\/09\/Alpaka2-04-1068x600.jpg 1068w, https:\/\/de.onlineprinters.ch\/magazin\/wp-content\/uploads\/2019\/09\/Alpaka2-04.jpg 1366w\" sizes=\"(max-width: 747px) 100vw, 747px\" alt=\"\">\r\n                            <\/a>\r\n                            \r\n                        <\/figure>\r\n                    <\/div>\r\n                    <div class = \"td-slide-item td-item30\">\r\n                        <figure class=\"td-modal-image td-slide-galery-figure td-slide-popup-gallery\">\r\n                            <a class=\"slide-gallery-image-link\" href=\"https:\/\/de.onlineprinters.ch\/magazin\/wp-content\/uploads\/2019\/09\/Alpaka2-05.jpg\" title=\"Alpaka2-05\"  data-caption=\"\"  data-description=\"\">\r\n                                <img decoding=\"async\" src=\"https:\/\/de.onlineprinters.ch\/magazin\/wp-content\/uploads\/2019\/09\/Alpaka2-05-370x420.jpg\" srcset=\"https:\/\/de.onlineprinters.ch\/magazin\/wp-content\/uploads\/2019\/09\/Alpaka2-05-370x420.jpg 370w, https:\/\/de.onlineprinters.ch\/magazin\/wp-content\/uploads\/2019\/09\/Alpaka2-05-264x300.jpg 264w, https:\/\/de.onlineprinters.ch\/magazin\/wp-content\/uploads\/2019\/09\/Alpaka2-05-768x873.jpg 768w, https:\/\/de.onlineprinters.ch\/magazin\/wp-content\/uploads\/2019\/09\/Alpaka2-05-901x1024.jpg 901w, https:\/\/de.onlineprinters.ch\/magazin\/wp-content\/uploads\/2019\/09\/Alpaka2-05-696x791.jpg 696w, https:\/\/de.onlineprinters.ch\/magazin\/wp-content\/uploads\/2019\/09\/Alpaka2-05-1068x1213.jpg 1068w, https:\/\/de.onlineprinters.ch\/magazin\/wp-content\/uploads\/2019\/09\/Alpaka2-05.jpg 1366w\" sizes=\"(max-width: 370px) 100vw, 370px\" alt=\"\">\r\n                            <\/a>\r\n                            \r\n                        <\/figure>\r\n                    <\/div>\r\n                            <\/div>\r\n                        <\/div>\r\n\r\n                        <div class = \"td-doubleSlider-2\">\r\n                            <div class = \"td-slider\">\r\n                                \r\n                    <div class = \"td-button td-item1\">\r\n                        <div class = \"td-border\"><\/div>\r\n                    <\/div>\r\n                    <div class = \"td-button td-item2\">\r\n                        <div class = \"td-border\"><\/div>\r\n                    <\/div>\r\n                    <div class = \"td-button td-item3\">\r\n                        <div class = \"td-border\"><\/div>\r\n                    <\/div>\r\n                    <div class = \"td-button td-item4\">\r\n                        <div class = \"td-border\"><\/div>\r\n                    <\/div>\r\n                    <div class = \"td-button td-item5\">\r\n                        <div class = \"td-border\"><\/div>\r\n                    <\/div>\r\n                    <div class = \"td-button td-item6\">\r\n                        <div class = \"td-border\"><\/div>\r\n                    <\/div>\r\n                    <div class = \"td-button td-item7\">\r\n                        <div class = \"td-border\"><\/div>\r\n                    <\/div>\r\n                    <div class = \"td-button td-item8\">\r\n                        <div class = \"td-border\"><\/div>\r\n                    <\/div>\r\n                    <div class = \"td-button td-item9\">\r\n                        <div class = \"td-border\"><\/div>\r\n                    <\/div>\r\n                    <div class = \"td-button td-item10\">\r\n                        <div class = \"td-border\"><\/div>\r\n                    <\/div>\r\n                    <div class = \"td-button td-item11\">\r\n                        <div class = \"td-border\"><\/div>\r\n                    <\/div>\r\n                    <div class = \"td-button td-item12\">\r\n                        <div class = \"td-border\"><\/div>\r\n                    <\/div>\r\n                    <div class = \"td-button td-item13\">\r\n                        <div class = \"td-border\"><\/div>\r\n                    <\/div>\r\n                    <div class = \"td-button td-item14\">\r\n                        <div class = \"td-border\"><\/div>\r\n                    <\/div>\r\n                    <div class = \"td-button td-item15\">\r\n                        <div class = \"td-border\"><\/div>\r\n                    <\/div>\r\n                    <div class = \"td-button td-item16\">\r\n                        <div class = \"td-border\"><\/div>\r\n                    <\/div>\r\n                    <div class = \"td-button td-item17\">\r\n                        <div class = \"td-border\"><\/div>\r\n                    <\/div>\r\n                    <div class = \"td-button td-item18\">\r\n                        <div class = \"td-border\"><\/div>\r\n                    <\/div>\r\n                    <div class = \"td-button td-item19\">\r\n                        <div class = \"td-border\"><\/div>\r\n                    <\/div>\r\n                    <div class = \"td-button td-item20\">\r\n                        <div class = \"td-border\"><\/div>\r\n                    <\/div>\r\n                    <div class = \"td-button td-item21\">\r\n                        <div class = \"td-border\"><\/div>\r\n                    <\/div>\r\n                    <div class = \"td-button td-item22\">\r\n                        <div class = \"td-border\"><\/div>\r\n                    <\/div>\r\n                    <div class = \"td-button td-item23\">\r\n                        <div class = \"td-border\"><\/div>\r\n                    <\/div>\r\n                    <div class = \"td-button td-item24\">\r\n                        <div class = \"td-border\"><\/div>\r\n                    <\/div>\r\n                    <div class = \"td-button td-item25\">\r\n                        <div class = \"td-border\"><\/div>\r\n                    <\/div>\r\n                    <div class = \"td-button td-item26\">\r\n                        <div class = \"td-border\"><\/div>\r\n                    <\/div>\r\n                    <div class = \"td-button td-item27\">\r\n                        <div class = \"td-border\"><\/div>\r\n                    <\/div>\r\n                    <div class = \"td-button td-item28\">\r\n                        <div class = \"td-border\"><\/div>\r\n                    <\/div>\r\n                    <div class = \"td-button td-item29\">\r\n                        <div class = \"td-border\"><\/div>\r\n                    <\/div>\r\n                    <div class = \"td-button td-item30\">\r\n                        <div class = \"td-border\"><\/div>\r\n                    <\/div>\r\n                            <\/div>\r\n                        <\/div>\r\n\r\n                    <\/div>\r\n\r\n                <\/div>\r\n                \n<div>\n<div style=\"text-align: center;\"><\/div>\n<div style=\"text-align: center;\">\u00a0<a class=\"op-read-more in-post aligncenter\" href=\"https:\/\/de.onlineprinters.ch\/magazin\/wp-content\/uploads\/2021\/09\/Designpaket_Alpakas.zip\" rel=\"noopener\">Alpaka Motive<\/a> \u00a0 \u00a0<a class=\"op-read-more in-post aligncenter\" href=\"https:\/\/de.onlineprinters.ch\/magazin\/wp-content\/uploads\/2021\/09\/Fotorealistische-Motive.zip\" rel=\"noopener\">Fotorealistische Motive<\/a>\u00a0 \u00a0<a class=\"op-read-more in-post aligncenter\" href=\"https:\/\/de.onlineprinters.ch\/magazin\/wp-content\/uploads\/2021\/09\/Designpaket_Handletteringmotive.zip\" rel=\"noopener\">Handlettering Motive<\/a><\/div>\n<\/div>\n<div><\/div>\n<div>\n<p>&nbsp;<\/p>\n<\/div>\n<div class=\"custom-background-grey\">\n<p><strong>Quellen:<\/strong><\/p>\n<ul>\n<li>\n<div class=\"custom-background-grey\">Sketchnotes by Tanja Wehr<\/div>\n<\/li>\n<li>\n<div class=\"custom-background-grey\"><a href=\"https:\/\/christmasworld.messefrankfurt.com\/frankfurt\/de\/themen-events\/trends.html\" target=\"_blank\" rel=\"noopener noreferrer\">https:\/\/christmasworld.messefrankfurt.com\/frankfurt\/de\/themen-events\/trends.html<\/a><\/div>\n<\/li>\n<\/ul>\n<\/div>\n<div><\/div>\n","protected":false},"excerpt":{"rendered":"<p>Holen Sie sich Inspiration f\u00fcr Weihnachtsdesigns und das kostenlose Designpaket mit Handletteringmotiven und Druckvorlagen f\u00fcr Adventskalender.<\/p>\n","protected":false},"author":24,"featured_media":33540,"comment_status":"open","ping_status":"open","sticky":false,"template":"","format":"standard","meta":{"footnotes":""},"categories":[4,177,165],"tags":[],"yoast_head":"<!-- This site is optimized with the Yoast SEO plugin v24.5 - https:\/\/yoast.com\/wordpress\/plugins\/seo\/ -->\n<title>Adventskalender gestalten: Kostenlose Vorlagen und Gestaltungstipps<\/title>\n<meta name=\"description\" content=\"Fallen Sie auf, indem Sie ausgefallene Firmen-Adventskalender gestalten. Wir haben Designtipps und kostenlose Druckmotive wie -vorlagen f\u00fcr Sie.\" \/>\n<meta name=\"robots\" content=\"index, follow, max-snippet:-1, max-image-preview:large, max-video-preview:-1\" \/>\n<link rel=\"canonical\" href=\"https:\/\/de.onlineprinters.ch\/magazin\/adventskalender-gestalten-kostenlose-druckvorlagen\/\" \/>\n<meta property=\"og:locale\" content=\"de_DE\" \/>\n<meta property=\"og:type\" content=\"article\" \/>\n<meta property=\"og:title\" content=\"Adventskalender gestalten \u2013 kostenlose Vorlagen und Designpaket\" \/>\n<meta property=\"og:description\" content=\"Holt euch kostenlose Motive und Inspiration!\" \/>\n<meta property=\"og:url\" content=\"https:\/\/de.onlineprinters.ch\/magazin\/adventskalender-gestalten-kostenlose-druckvorlagen\/\" \/>\n<meta property=\"og:site_name\" content=\"onlineprinters.ch Magazin\" \/>\n<meta property=\"article:published_time\" content=\"2021-09-09T07:33:49+00:00\" \/>\n<meta property=\"article:modified_time\" content=\"2025-04-29T06:31:01+00:00\" \/>\n<meta name=\"author\" content=\"Ramona\" \/>\n<meta name=\"twitter:card\" content=\"summary_large_image\" \/>\n<meta name=\"twitter:title\" content=\"Adventskalender gestalten \u2013 kostenlose Vorlagen und Designpaket\" \/>\n<meta name=\"twitter:image\" content=\"https:\/\/de.onlineprinters.ch\/magazin\/wp-content\/uploads\/2019\/09\/Beitragsbild_Adventskalender-gestalten_2021.jpg\" \/>\n<meta name=\"twitter:label1\" content=\"Verfasst von\" \/>\n\t<meta name=\"twitter:data1\" content=\"Ramona\" \/>\n\t<meta name=\"twitter:label2\" content=\"Gesch\u00e4tzte Lesezeit\" \/>\n\t<meta name=\"twitter:data2\" content=\"8 Minuten\" \/>\n<script type=\"application\/ld+json\" class=\"yoast-schema-graph\">{\"@context\":\"https:\/\/schema.org\",\"@graph\":[{\"@type\":\"WebPage\",\"@id\":\"https:\/\/de.onlineprinters.ch\/magazin\/adventskalender-gestalten-kostenlose-druckvorlagen\/\",\"url\":\"https:\/\/de.onlineprinters.ch\/magazin\/adventskalender-gestalten-kostenlose-druckvorlagen\/\",\"name\":\"Adventskalender gestalten: Kostenlose Vorlagen und Gestaltungstipps\",\"isPartOf\":{\"@id\":\"https:\/\/de.onlineprinters.ch\/magazin\/#website\"},\"primaryImageOfPage\":{\"@id\":\"https:\/\/de.onlineprinters.ch\/magazin\/adventskalender-gestalten-kostenlose-druckvorlagen\/#primaryimage\"},\"image\":{\"@id\":\"https:\/\/de.onlineprinters.ch\/magazin\/adventskalender-gestalten-kostenlose-druckvorlagen\/#primaryimage\"},\"thumbnailUrl\":\"https:\/\/de.onlineprinters.ch\/magazin\/wp-content\/uploads\/2019\/09\/Beitragsbild_Adventskalender-gestalten_2021.jpg\",\"datePublished\":\"2021-09-09T07:33:49+00:00\",\"dateModified\":\"2025-04-29T06:31:01+00:00\",\"author\":{\"@id\":\"https:\/\/de.onlineprinters.ch\/magazin\/#\/schema\/person\/d79ba2db96e33e04ed71525f52bb1eb9\"},\"description\":\"Fallen Sie auf, indem Sie ausgefallene Firmen-Adventskalender gestalten. Wir haben Designtipps und kostenlose Druckmotive wie -vorlagen f\u00fcr Sie.\",\"inLanguage\":\"de-DE\",\"potentialAction\":[{\"@type\":\"ReadAction\",\"target\":[\"https:\/\/de.onlineprinters.ch\/magazin\/adventskalender-gestalten-kostenlose-druckvorlagen\/\"]}]},{\"@type\":\"ImageObject\",\"inLanguage\":\"de-DE\",\"@id\":\"https:\/\/de.onlineprinters.ch\/magazin\/adventskalender-gestalten-kostenlose-druckvorlagen\/#primaryimage\",\"url\":\"https:\/\/de.onlineprinters.ch\/magazin\/wp-content\/uploads\/2019\/09\/Beitragsbild_Adventskalender-gestalten_2021.jpg\",\"contentUrl\":\"https:\/\/de.onlineprinters.ch\/magazin\/wp-content\/uploads\/2019\/09\/Beitragsbild_Adventskalender-gestalten_2021.jpg\",\"width\":1068,\"height\":580},{\"@type\":\"WebSite\",\"@id\":\"https:\/\/de.onlineprinters.ch\/magazin\/#website\",\"url\":\"https:\/\/de.onlineprinters.ch\/magazin\/\",\"name\":\"onlineprinters.ch Magazin\",\"description\":\"\",\"potentialAction\":[{\"@type\":\"SearchAction\",\"target\":{\"@type\":\"EntryPoint\",\"urlTemplate\":\"https:\/\/de.onlineprinters.ch\/magazin\/?s={search_term_string}\"},\"query-input\":{\"@type\":\"PropertyValueSpecification\",\"valueRequired\":true,\"valueName\":\"search_term_string\"}}],\"inLanguage\":\"de-DE\"},{\"@type\":\"Person\",\"@id\":\"https:\/\/de.onlineprinters.ch\/magazin\/#\/schema\/person\/d79ba2db96e33e04ed71525f52bb1eb9\",\"name\":\"Ramona\",\"image\":{\"@type\":\"ImageObject\",\"inLanguage\":\"de-DE\",\"@id\":\"https:\/\/de.onlineprinters.ch\/magazin\/#\/schema\/person\/image\/\",\"url\":\"https:\/\/de.onlineprinters.ch\/magazin\/wp-content\/uploads\/2017\/10\/Blogbild-3-150x150.png\",\"contentUrl\":\"https:\/\/de.onlineprinters.ch\/magazin\/wp-content\/uploads\/2017\/10\/Blogbild-3-150x150.png\",\"caption\":\"Ramona\"},\"description\":\"H\u00e4tte, h\u00e4tte, Fahrradkette \u2013 ich bin ein Fan davon die Dinge konsequent anzupacken und versuche weniger verpassten Gelegenheiten nachzuh\u00e4ngen. Jeden Tag \u00f6ffnen sich neue T\u00fcren und in unserer schnelllebigen Zeit der selbstf\u00fcllenden K\u00fchlschr\u00e4nke, Next-day-deliverys und twitternden Pr\u00e4sidenten sind das jede Menge. Nach meinem Studium der Medienkommunikation habe ich mich vor allem den spannenden Entwicklungen des Online Marketings verschrieben. In meinen Artikeln m\u00f6chte ich die neuen Trends und Inspirationen auf diesem Gebiet so lebhaft und praxisnah wie m\u00f6glich an die Leser weitergeben.\",\"url\":\"https:\/\/de.onlineprinters.ch\/magazin\/author\/ramona\/\"}]}<\/script>\n<!-- \/ Yoast SEO plugin. -->","yoast_head_json":{"title":"Adventskalender gestalten: Kostenlose Vorlagen und Gestaltungstipps","description":"Fallen Sie auf, indem Sie ausgefallene Firmen-Adventskalender gestalten. Wir haben Designtipps und kostenlose Druckmotive wie -vorlagen f\u00fcr Sie.","robots":{"index":"index","follow":"follow","max-snippet":"max-snippet:-1","max-image-preview":"max-image-preview:large","max-video-preview":"max-video-preview:-1"},"canonical":"https:\/\/de.onlineprinters.ch\/magazin\/adventskalender-gestalten-kostenlose-druckvorlagen\/","og_locale":"de_DE","og_type":"article","og_title":"Adventskalender gestalten \u2013 kostenlose Vorlagen und Designpaket","og_description":"Holt euch kostenlose Motive und Inspiration!","og_url":"https:\/\/de.onlineprinters.ch\/magazin\/adventskalender-gestalten-kostenlose-druckvorlagen\/","og_site_name":"onlineprinters.ch Magazin","article_published_time":"2021-09-09T07:33:49+00:00","article_modified_time":"2025-04-29T06:31:01+00:00","author":"Ramona","twitter_card":"summary_large_image","twitter_title":"Adventskalender gestalten \u2013 kostenlose Vorlagen und Designpaket","twitter_image":"https:\/\/de.onlineprinters.ch\/magazin\/wp-content\/uploads\/2019\/09\/Beitragsbild_Adventskalender-gestalten_2021.jpg","twitter_misc":{"Verfasst von":"Ramona","Gesch\u00e4tzte Lesezeit":"8 Minuten"},"schema":{"@context":"https:\/\/schema.org","@graph":[{"@type":"WebPage","@id":"https:\/\/de.onlineprinters.ch\/magazin\/adventskalender-gestalten-kostenlose-druckvorlagen\/","url":"https:\/\/de.onlineprinters.ch\/magazin\/adventskalender-gestalten-kostenlose-druckvorlagen\/","name":"Adventskalender gestalten: Kostenlose Vorlagen und Gestaltungstipps","isPartOf":{"@id":"https:\/\/de.onlineprinters.ch\/magazin\/#website"},"primaryImageOfPage":{"@id":"https:\/\/de.onlineprinters.ch\/magazin\/adventskalender-gestalten-kostenlose-druckvorlagen\/#primaryimage"},"image":{"@id":"https:\/\/de.onlineprinters.ch\/magazin\/adventskalender-gestalten-kostenlose-druckvorlagen\/#primaryimage"},"thumbnailUrl":"https:\/\/de.onlineprinters.ch\/magazin\/wp-content\/uploads\/2019\/09\/Beitragsbild_Adventskalender-gestalten_2021.jpg","datePublished":"2021-09-09T07:33:49+00:00","dateModified":"2025-04-29T06:31:01+00:00","author":{"@id":"https:\/\/de.onlineprinters.ch\/magazin\/#\/schema\/person\/d79ba2db96e33e04ed71525f52bb1eb9"},"description":"Fallen Sie auf, indem Sie ausgefallene Firmen-Adventskalender gestalten. Wir haben Designtipps und kostenlose Druckmotive wie -vorlagen f\u00fcr Sie.","inLanguage":"de-DE","potentialAction":[{"@type":"ReadAction","target":["https:\/\/de.onlineprinters.ch\/magazin\/adventskalender-gestalten-kostenlose-druckvorlagen\/"]}]},{"@type":"ImageObject","inLanguage":"de-DE","@id":"https:\/\/de.onlineprinters.ch\/magazin\/adventskalender-gestalten-kostenlose-druckvorlagen\/#primaryimage","url":"https:\/\/de.onlineprinters.ch\/magazin\/wp-content\/uploads\/2019\/09\/Beitragsbild_Adventskalender-gestalten_2021.jpg","contentUrl":"https:\/\/de.onlineprinters.ch\/magazin\/wp-content\/uploads\/2019\/09\/Beitragsbild_Adventskalender-gestalten_2021.jpg","width":1068,"height":580},{"@type":"WebSite","@id":"https:\/\/de.onlineprinters.ch\/magazin\/#website","url":"https:\/\/de.onlineprinters.ch\/magazin\/","name":"onlineprinters.ch Magazin","description":"","potentialAction":[{"@type":"SearchAction","target":{"@type":"EntryPoint","urlTemplate":"https:\/\/de.onlineprinters.ch\/magazin\/?s={search_term_string}"},"query-input":{"@type":"PropertyValueSpecification","valueRequired":true,"valueName":"search_term_string"}}],"inLanguage":"de-DE"},{"@type":"Person","@id":"https:\/\/de.onlineprinters.ch\/magazin\/#\/schema\/person\/d79ba2db96e33e04ed71525f52bb1eb9","name":"Ramona","image":{"@type":"ImageObject","inLanguage":"de-DE","@id":"https:\/\/de.onlineprinters.ch\/magazin\/#\/schema\/person\/image\/","url":"https:\/\/de.onlineprinters.ch\/magazin\/wp-content\/uploads\/2017\/10\/Blogbild-3-150x150.png","contentUrl":"https:\/\/de.onlineprinters.ch\/magazin\/wp-content\/uploads\/2017\/10\/Blogbild-3-150x150.png","caption":"Ramona"},"description":"H\u00e4tte, h\u00e4tte, Fahrradkette \u2013 ich bin ein Fan davon die Dinge konsequent anzupacken und versuche weniger verpassten Gelegenheiten nachzuh\u00e4ngen. Jeden Tag \u00f6ffnen sich neue T\u00fcren und in unserer schnelllebigen Zeit der selbstf\u00fcllenden K\u00fchlschr\u00e4nke, Next-day-deliverys und twitternden Pr\u00e4sidenten sind das jede Menge. Nach meinem Studium der Medienkommunikation habe ich mich vor allem den spannenden Entwicklungen des Online Marketings verschrieben. In meinen Artikeln m\u00f6chte ich die neuen Trends und Inspirationen auf diesem Gebiet so lebhaft und praxisnah wie m\u00f6glich an die Leser weitergeben.","url":"https:\/\/de.onlineprinters.ch\/magazin\/author\/ramona\/"}]}},"_links":{"self":[{"href":"https:\/\/de.onlineprinters.ch\/magazin\/wp-json\/wp\/v2\/posts\/8394"}],"collection":[{"href":"https:\/\/de.onlineprinters.ch\/magazin\/wp-json\/wp\/v2\/posts"}],"about":[{"href":"https:\/\/de.onlineprinters.ch\/magazin\/wp-json\/wp\/v2\/types\/post"}],"author":[{"embeddable":true,"href":"https:\/\/de.onlineprinters.ch\/magazin\/wp-json\/wp\/v2\/users\/24"}],"replies":[{"embeddable":true,"href":"https:\/\/de.onlineprinters.ch\/magazin\/wp-json\/wp\/v2\/comments?post=8394"}],"version-history":[{"count":15,"href":"https:\/\/de.onlineprinters.ch\/magazin\/wp-json\/wp\/v2\/posts\/8394\/revisions"}],"predecessor-version":[{"id":41600,"href":"https:\/\/de.onlineprinters.ch\/magazin\/wp-json\/wp\/v2\/posts\/8394\/revisions\/41600"}],"wp:featuredmedia":[{"embeddable":true,"href":"https:\/\/de.onlineprinters.ch\/magazin\/wp-json\/wp\/v2\/media\/33540"}],"wp:attachment":[{"href":"https:\/\/de.onlineprinters.ch\/magazin\/wp-json\/wp\/v2\/media?parent=8394"}],"wp:term":[{"taxonomy":"category","embeddable":true,"href":"https:\/\/de.onlineprinters.ch\/magazin\/wp-json\/wp\/v2\/categories?post=8394"},{"taxonomy":"post_tag","embeddable":true,"href":"https:\/\/de.onlineprinters.ch\/magazin\/wp-json\/wp\/v2\/tags?post=8394"}],"curies":[{"name":"wp","href":"https:\/\/api.w.org\/{rel}","templated":true}]}}