{"id":19773,"date":"2019-05-15T16:43:19","date_gmt":"2019-05-15T14:43:19","guid":{"rendered":"https:\/\/de.onlineprinters.ch\/magazin\/?p=19773"},"modified":"2025-04-23T14:26:36","modified_gmt":"2025-04-23T12:26:36","slug":"15-jahre-onlineprinters-firmengruender-walter-meyer","status":"publish","type":"post","link":"https:\/\/de.onlineprinters.ch\/magazin\/15-jahre-onlineprinters-firmengruender-walter-meyer\/","title":{"rendered":"15 Jahre Onlineprinters: Firmengr\u00fcnder Walter Meyer im Jubil\u00e4umsgespr\u00e4ch"},"content":{"rendered":"<p>Walter Meyer, Gr\u00fcnder von Onlineprinters, steht f\u00fcr Medienanfragen eigentlich nicht mehr zur Verf\u00fcgung. F\u00fcr ein Interview in unserem Magazin zum 15-j\u00e4hrigen Firmenjubil\u00e4um hat er eine Ausnahme gemacht. Ausf\u00fchrlich wie nie erz\u00e4hlt er, wie er das Unternehmen, das heute zu den Top-3-Onlinedruckereien Europas z\u00e4hlt, 200 Millionen Euro Umsatz macht und mehr als eine Million Kunden beliefert, Schritt f\u00fcr Schritt aufgebaut hat.<!--more--><\/p>\n<p>Aus dem operativen Tagesgesch\u00e4ft hat sich Walter Meyer bereits vor \u00fcber einem Jahr zur\u00fcckgezogen. Als Gesellschafter der Onlineprinters-Gruppe wirkt er heute aus dem Beirat, gibt Impulse zu Strategie und Ausrichtung des E-Commerce-Unternehmens. Sein pers\u00f6nliches B\u00fcro im Verwaltungsgeb\u00e4ude in Neustadt an der Aisch, dem Stammsitz des Unternehmens, hat er k\u00fcrzlich aufgel\u00f6st. Ger\u00e4umt hat er es vor allem, weil trotz Umzug des Headquarters nach F\u00fcrth am Produktionsstandort Neustadt an der Aisch der Platz knapp bemessen ist\u00a0\u2013 denn Onlineprinters w\u00e4chst stetig weiter.<\/p>\n<h2>Erfolgreich mit E-Commerce in einer Branche \u201eunter Druck\u201c<\/h2>\n<p>Als er am 26. April 2019, einem Freitag, gegen Nachmittag zum Interview kommt, f\u00fchrt ihn sein Weg zum Besprechungszimmer auch an seinem ehemaligen B\u00fcro vorbei. Die T\u00fcr ist geschlossen, daher klopft er erst an, bevor er sie \u00f6ffnet, und stellt dann erstaunt fest: \u201eAlles noch so, wie es war. 25 Jahre war das mein B\u00fcro.\u201c Fast meint man, ein wenig Wehmut zu h\u00f6ren.<\/p>\n<figure id=\"attachment_19780\" aria-describedby=\"caption-attachment-19780\" style=\"width: 773px\" class=\"wp-caption aligncenter\"><a href=\"https:\/\/de.onlineprinters.ch\/magazin\/wp-content\/uploads\/2019\/06\/walter-meyer-gruender-onlineprinters-diedruckerei-de-773x420.jpg\"><img loading=\"lazy\" decoding=\"async\" class=\"td-modal-image wp-image-19780 size-full\" src=\"https:\/\/de.onlineprinters.ch\/magazin\/wp-content\/uploads\/2019\/06\/walter-meyer-gruender-onlineprinters-diedruckerei-de-773x420.jpg\" alt=\"Unternehmer Walter Meyer beim Gespr\u00e4ch\" width=\"773\" height=\"420\" \/><\/a><figcaption id=\"caption-attachment-19780\" class=\"wp-caption-text\">F\u00fcr die Redaktion des Onlineprinters-Magazins hat er sich noch einmal Zeit f\u00fcr ein Gespr\u00e4ch genommen: Walter Meyer, Gr\u00fcnder von Onlineprinters<\/figcaption><\/figure>\n<h3>Beginn als Einzelfirma<\/h3>\n<p>Hier im B\u00fcrotrakt von \u201eWerk 1\u201c beginnt die Geschichte von Onlineprinters. In einem B\u00fcro \u2013 \u201estrikt getrennt vom v\u00e4terlichen Betrieb\u201c, wie Walter Meyer betont \u2013 startet er 2004 einen Onlineshop unter der Domain www.diedruckerei.de.\u00a0Daf\u00fcr gr\u00fcndet er eine Einzelfirma und erh\u00e4lt von seinem Vater Erwin Meyer die R\u00e4umlichkeiten und etwas Startkapital. Das Werk 1 von Onlineprinters war urspr\u00fcnglich das Geb\u00e4ude, das Vater Erwin Meyer 1992 f\u00fcr das Unternehmen \u201eDruckerei und Verlag E. Meyer GmbH\u201c errichten lie\u00df, als die R\u00e4ume in der Innenstadt von Neustadt an der Aisch zu klein geworden waren. Dort hatte der gelernte Schriftsetzer bereits 1984 einen Druckereibetrieb gegr\u00fcndet, in dessen Abl\u00e4ufe Walter Meyer schon als Jugendlicher eingebunden war. Als Sch\u00fcler stand er damals an den Maschinen in der Druckerei.<\/p>\n<h3>Nach der Ausbildung zur\u00fcck auf die Schulbank<\/h3>\n<p>Nach der Realschule lag es daher nahe, einen druckereinahen Ausbildungsberuf zu erlernen. Er entschied sich damals f\u00fcr den Offsetdrucker, auch wenn er sich eigentlich mehr f\u00fcr das Kaufm\u00e4nnische interessierte. Doch diesen Bereich deckte bereits der \u00e4ltere Bruder ab. \u201eAu\u00dferdem\u201c, gibt er lachend zu, \u201ewaren meine Noten damals einfach zu schlecht.\u201c Seine Ausbildung machte Walter Meyer in einer Druckerei in N\u00fcrnberg, die gr\u00f6\u00dfere Druckauftr\u00e4ge f\u00fcr das v\u00e4terliche Unternehmen produzierte. Als er die Lehre verk\u00fcrzte, bemerkte sein Chef im Abschlusszeugnis lakonisch, dass er dies auf eigenen Wunsch tue, um sich \u201eh\u00f6heren Aufgaben\u201c zuzuwenden. Tats\u00e4chlich hatte Walter Meyer vor, noch einmal die Schulbank zu dr\u00fccken, und wollte sein Abitur nachholen.<\/p>\n<p>Doch schon nach drei Monaten auf der Fachoberschule war klar, dass aus diesem Plan nichts werden w\u00fcrde. Nach der Schule stand n\u00e4mlich nicht Lernen auf dem Programm, sondern Arbeiten in der Druckerei. Damals stand der Kauf einer N\u00fcrnberger Druckerei \u2013 des ehemaligen Ausbildungsbetriebs von Walter Meyer \u2013 zur Debatte, aus dem jedoch nichts wurde. Auch ein weiterer Anlauf, das Abitur nachzuholen, scheitert aus Zeitmangel, weil damals die Druckerei und Verlag E. Meyer GmbH gegr\u00fcndet wurde. Das war 1991. Walter Meyer wird damals auch bereits Gesch\u00e4ftsf\u00fchrer.<\/p>\n<h3>Bauprojekt hat Vorrang<\/h3>\n<p>Nun beginnt das Bauprojekt auf dem Gel\u00e4nde des heutigen \u201eWerk 1\u201c. Nach Fertigstellung ziehen die bisher 15 Mitarbeiter von den R\u00e4umlichkeiten in der Neustadter Innenstadt in das Gewerbegebiet Kleinerlbach. Der Erwerb des Grundst\u00fccks, der Bau des Geb\u00e4udes &#8211; \u201edas schon damals teurer kam als geplant\u201c, wie Walter Meyer bemerkt \u2013 sowie die Anschaffung von Druckmaschinen bedeuteten eine gro\u00dfe Investition f\u00fcr die Unternehmerfamilie. Im Zentrum stand nun die Auslastung der Maschinen. Die Auftr\u00e4ge akquirierten die beiden Meyer-Br\u00fcder gemeinsam mit einem Vertriebsmitarbeiter.<\/p>\n<p>Als im Jahr 1994 der \u00e4ltere Bruder bei einem Verkehrsunfall das Leben verliert, liegt noch mehr Verantwortung auf Walter Meyers Schultern. \u201eOft bin ich nachts schwei\u00dfgebadet aufgewacht\u201c, erz\u00e4hlt Walter Meyer. Im Jahr 2000 arbeiteten f\u00fcr die Druckerei dann schon 40 Mitarbeiter. Einen der gro\u00dfen Kunden zu verlieren w\u00e4re zur existenziellen Bedrohung f\u00fcr die Druckerei geworden.<\/p>\n<figure id=\"attachment_19809\" aria-describedby=\"caption-attachment-19809\" style=\"width: 773px\" class=\"wp-caption alignnone\"><img loading=\"lazy\" decoding=\"async\" class=\"wp-image-19809 size-full\" src=\"https:\/\/de.onlineprinters.ch\/magazin\/wp-content\/uploads\/2019\/06\/belegschaft-druckerei-und-verlag-e-meyer-klein.jpg\" alt=\"Schwarz-Wei\u00df-Foto einer Gruppe von Menschen in einer B\u00fcroumgebung. Einige stehen, einer sitzt auf einer Maschine. Im Hintergrund sind Regale mit Kisten zu sehen. Sie wirken entspannt und tragen Freizeitkleidung.\" width=\"773\" height=\"520\" \/><figcaption id=\"caption-attachment-19809\" class=\"wp-caption-text\">Die Belegschaft der Druckerei vor dem Umzug in das neue Werk im Gewerbegebiet Kleinerlbach<\/figcaption><\/figure>\n<h3>Zwischen Kundenauftr\u00e4gen und der perfekten Maschinenauslastung<\/h3>\n<p>Um die Maschinen auszulasten, druckt die Firma nicht nur Werbe- und Marketing-Unterlagen f\u00fcr Kunden aus der Region und anderen Bundesl\u00e4ndern, sondern verkauft auch Maschinenkapazit\u00e4ten auf Regiestundenbasis. Eine gro\u00dfe Druckerei aus N\u00fcrnberg vergab in Spitzenzeiten Auftr\u00e4ge, die sie selbst nicht schaffte. Besonders der Gesch\u00e4ftsbereich der Lohndruckerei wurde mit der Zeit wirtschaftlich immer unattraktiver. \u201eDieser Kunde halbierte erst die Stundens\u00e4tze und dann sollten wir auch noch die Kosten f\u00fcr die Farbe \u00fcbernehmen\u201c, erinnert sich Walter Meyer und man merkt, selbst Jahre sp\u00e4ter kommt \u00c4rger auf.<\/p>\n<p>Hinzu kam die Herausforderung, die Maschinen zwar auszulasten, aber auch nicht zu \u00fcberlasten. \u201eManchmal mussten andere Kundenauftr\u00e4ge warten\u201c, erz\u00e4hlt Walter Meyer, dem damals schon klar war, dass er sich um die Zukunft des Unternehmens Sorgen machen musste. Die Digitalisierung hatte die Druckbranche bereits in Bedr\u00e4ngnis gebracht. Viele Druckereien mussten schlie\u00dfen. Ein Trend, der bis heute anh\u00e4lt, obwohl sich der Branchenumsatz in den letzten Jahren nicht wesentlich verringert hat.<\/p>\n<h2>Einstieg in den E-Commerce<\/h2>\n<figure id=\"attachment_19779\" aria-describedby=\"caption-attachment-19779\" style=\"width: 300px\" class=\"wp-caption alignright\"><a href=\"https:\/\/de.onlineprinters.ch\/magazin\/wp-content\/uploads\/2019\/06\/onlineprinters-diedruckerei-de-sammelbogen.jpg\"><img loading=\"lazy\" decoding=\"async\" class=\"td-modal-image wp-image-19779 size-medium\" src=\"https:\/\/de.onlineprinters.ch\/magazin\/wp-content\/uploads\/2019\/06\/onlineprinters-diedruckerei-de-sammelbogen-300x211.jpg\" alt=\"Ein Rasterlayout mit verschiedenen Designs, darunter das \u201eOnlineprinters\u201c-Branding, ein Schiffsbild sowie die Aufschriften \u201eB\u00fcro\u201c und \u201eWinter\u201c in verschiedenen Farben. Au\u00dferdem gibt es mehrere Zahlen und geometrische Formen.\" width=\"300\" height=\"211\" \/><\/a><figcaption id=\"caption-attachment-19779\" class=\"wp-caption-text\">Ein Erfolgsfaktor von Onlineprinters ist das Sammeldruckverfahren, es spart nicht nur Zeit, sondern auch Kosten<\/figcaption><\/figure>\n<p>Einer der Kunden, die auch Druckvolumen bei der Druckerei einkauften, arbeitete damals bereits mit dem Sammeldruckverfahren. Auf einer Druckplatte wurden verschiedene Kundenauftr\u00e4ge gesammelt und dann gemeinsam gedruckt. Das sparte nicht nur Zeit, sondern senkte auch die Herstellungskosten drastisch. Das Prinzip funktionierte, und Walter Meyer fasste den Gedanken, selbst das Internet als Vertriebsweg zu nutzen. Er beauftragte eine Internetagentur aus dem Nachbarort, einen Onlineshop aufzusetzen, und verkaufte bald selbst Drucksachen \u00fcber das Internet. Die ersten Mitarbeiter f\u00fcr den Onlinebereich wurden eingestellt. Sie waren zust\u00e4ndig f\u00fcr die Entwicklung eines Workflows und f\u00fcr die Automatisierung der Abl\u00e4ufe. Walter Meyer konzentrierte sich vor allem auf die Kalkulation der Preise und die Aufnahme weiterer Produkte in den Shop.<\/p>\n<h3>Printmailing bringt den Durchbruch<\/h3>\n<p>W\u00e4hrend viele andere Druckereien das Internet als Feind ansahen, da Werbebudgets von Print- zur Onlinewerbung wandern, wurde es f\u00fcr die mittelst\u00e4ndische Druckerei von Walter Meyer zum besten Freund: Rund um die Uhr konnte der Shop Auftr\u00e4ge aus dem gesamten Bundesgebiet einsammeln, sogar an den Wochenenden. Doch auch im Internet funktioniert kein Business ohne Werbung. Onlinesuchmaschinen gab es zwar schon damals, sie hatten als Werbetr\u00e4ger aber noch keine so gro\u00dfe Bedeutung.<\/p>\n<p>Was lag f\u00fcr eine Druckerei also n\u00e4her als ein Printmailing an potentielle Kunden? Eine Postkarte an 5.000 Empf\u00e4nger brachte den Durchbruch und sorgte f\u00fcr das erste hohe Bestellvolumen \u00fcber den Onlineshop. Das schlagende Argument damals war der niedrige Preis, der sich durch das effiziente Sammeldruckverfahren realisieren lie\u00df. Dieses Verfahren erm\u00f6glichte es erstmals, auch Kleinauflagen zum g\u00fcnstigen Preis anzubieten.<\/p>\n<h2>Weiterentwicklung der Shopfunktionalit\u00e4t<\/h2>\n<p>Onlineshop-Systeme waren in ihren Anf\u00e4ngen noch nicht so komfortabel wie heute. Zu Beginn mussten etwa die Rechnungen abends noch einzeln geschrieben werden. Erst sp\u00e4ter erfolgte die Fakturierung direkt \u00fcber die Software des Onlineshops. Anders als im konventionellen Druckgesch\u00e4ft gibt es jedoch kein Zahlungsziel mehr, vielmehr muss der Kunde vorab bezahlen und erst dann setzt sich der Prozess in Gang.<\/p>\n<p>Zun\u00e4chst konnten die Kunden nur Druckklassiker \u00fcber den Shop bestellen. Bereits im Jahr 2005 fanden jedoch auch Brosch\u00fcren den Weg in den Onlineshop. Damals wie heute sind sie wichtige Umsatzbringer. Die Freude \u00fcber die erfolgreiche Einf\u00fchrung der Brosch\u00fcren ist Walter Meyer auch heute noch anzumerken: \u201eWenn fr\u00fcher ein Vertriebsmitarbeiter mit einem Brosch\u00fcrenauftrag heimgekommen ist, war das ein Fest! Doch pl\u00f6tzlich konnten wir dieses wichtige Produkt auch \u00fcber das Internet akquirieren\u201c, erz\u00e4hlt er strahlend.<\/p>\n<figure id=\"attachment_19778\" aria-describedby=\"caption-attachment-19778\" style=\"width: 667px\" class=\"wp-caption aligncenter\"><a href=\"https:\/\/de.onlineprinters.ch\/magazin\/wp-content\/uploads\/2019\/06\/historie-onlineprinters-diedruckerei-de-screenshots-773x1186_k.jpg\"><img loading=\"lazy\" decoding=\"async\" class=\"td-modal-image wp-image-19778 size-large\" src=\"https:\/\/de.onlineprinters.ch\/magazin\/wp-content\/uploads\/2019\/06\/historie-onlineprinters-diedruckerei-de-screenshots-773x1186_k-667x1024.jpg\" alt=\"Ein Raster zeigt die Entwicklung der Website \u201ediedruckerei.de\u201c von 2004 bis heute. Jeder Abschnitt zeigt das Homepage-Design f\u00fcr verschiedene Zeitr\u00e4ume und hebt \u00c4nderungen in Layout, Farben und Grafiken hervor.\" width=\"667\" height=\"1024\" \/><\/a><figcaption id=\"caption-attachment-19778\" class=\"wp-caption-text\">So hat sich der Onlineshop von Onlineprinters ver\u00e4ndert. Heute k\u00f6nnen Kunden im Onlineshop mehr als 1.500 Produkte bestellen. Darunter Druckprodukte wie Flyer, Kalender, Roll-ups und auch Werbeartikel und Textilien wie T-Shirts und Hoodies<\/figcaption><\/figure>\n<h3>Von Neustadt in die ganze Welt<\/h3>\n<p>Mit jedem Entwicklungsschritt wuchs das Unternehmen und auch Auftr\u00e4ge aus dem Ausland lie\u00dfen nicht lange auf sich warten. Das machte jedoch eine Weiterentwicklung der Marke n\u00f6tig, da die deutsche Shop-Bezeichnung \u201ediedruckerei.de\u201c in anderssprachigen L\u00e4ndern nicht funktionierte. Bis heute kennen Kunden im Ausland das Unternehmen daher unter der Marke Onlineprinters. Mit dem Launch eines englischsprachigen Webshops 2009 und weiteren L\u00e4ndershops f\u00fcr Frankreich und Spanien im Jahr 2011 wird ein weiterer wichtiger Meilenstein in der Unternehmensgeschichte markiert. Die Internationalisierung mit L\u00e4ndershops nimmt weiter Fahrt auf und erschlie\u00dft weiteres Kundenpotential. Heute liegt der Umsatz, den die Onlineprinters-Gruppe mit Shops im Ausland macht, bei 75 Prozent.<\/p>\n<h3>Internationalisierung kostet Lehrgeld<\/h3>\n<p>\u201eHier druckt Europa\u201c stand damals als Slogan im Header der Internetseite. Tats\u00e4chlich bestellten fast von Anfang an Kunden aus verschiedenen europ\u00e4ischen L\u00e4ndern Drucksachen bei diedruckerei.de, sp\u00e4ter dann \u00fcber den englischsprachigen Onlineshop mit einer com-Domain. Bald setzte Walter Meyer ganz bewusst auf die Internationalisierung, um die Maschinen auch an den Feiertagen auslasten zu k\u00f6nnen und gegebenenfalls konjunkturellen Krisen in einzelnen L\u00e4ndern zu trotzen. Ab 2010 folgten weitere L\u00e4ndershops. Das Gesch\u00e4ft mit Kunden in anderen L\u00e4ndern h\u00e4lt f\u00fcr viele Unternehmen den einen oder anderen Fallstrick bereit. Onlineprinters bildete hier keine Ausnahme.<\/p>\n<h3>Markenaufbau: Sportsponsoring bringt Reichweite<\/h3>\n<p>Doch zun\u00e4chst liegt die Konzentration auf dem Aufbau der deutschen Marke diedruckerei.de. 2008 erfolgt mehr durch Zufall der Einstieg in die Sportwerbung. Walter Meyer bucht Bandenwerbung bei einem UEFA-Cup-Spiel und ist begeistert von der Breitenwirkung. \u201eAm n\u00e4chsten Tag wurde ich gleich mehrmals angesprochen, dass man unsere Werbung im Fernsehen gesehen hat. Damals war Bandenwerbung auch noch anders als heute, wo es schon recht un\u00fcbersichtlich ist.\u201c<\/p>\n<p>Eine \u00e4hnliche Chance bietet sich durch ein kurzfristiges Angebot bei Werbung im Boxsport. Als ihm gute Konditionen f\u00fcr Bandenwerbung bei einem Klitschko-Boxkampf angeboten werden, schl\u00e4gt er zu und hat auch hier Erfolg. Mit weiterer Bandenwerbung unter anderem bei Bundesliga-Spielen und mit exotischen Werbedeals wie der &#8222;TV Total Stock Car Crash Challenge&#8220; nimmt die Bekanntheit der Marke deutlich zu \u2013 und der Umsatz steigt.<\/p>\n<h3>Auszeichnungen ziehen Investoren an<\/h3>\n<p>Durch Auszeichnungen wie \u201eBayerns Best 50\u201c im Jahr 2010, den Gr\u00fcnderpreis Mittelfranken in 2011 und den European Business Award werden auch internationale Private-Equity-Firmen sowie gro\u00dfe Medienunternehmen auf das Unternehmen im fr\u00e4nkischen Mittelzentrum Neustadt an der Aisch aufmerksam. \u201eDie Medienh\u00e4user wollten das Unternehmen zu 100 Prozent, das wollte ich aber nicht, ich wollte weiter mitgestalten\u201c, sagt Walter Meyer.<\/p>\n<p>Au\u00dferdem boten sie etwas, was das Unternehmen nicht brauchte, n\u00e4mlich Working Capital. \u201eWir waren in der komfortablen Situation, dass wir meist ausreichend Liquidit\u00e4t hatten, weil unsere Kunden im Voraus bezahlten.\u201c Mit allen Interessenten wurden aber Gespr\u00e4che gef\u00fchrt. Den Zuschlag erh\u00e4lt schlie\u00dflich im Jahr 2013 nach langen Verhandlungen ein Investor aus den USA. Gemeinsam wurden weitere L\u00e4ndershops gelauncht und neue Strukturen etabliert, die das Unternehmen weiterwachsen lie\u00dfen. Mit Dr. Michael Fries steht Walter Meyer seit 2014 ein zweiter Gesch\u00e4ftsf\u00fchrer zur Seite, der die n\u00f6tige Management- und Branchenerfahrung mitbringt.<\/p>\n<h3>Stetiges Wachstum: die Onlineprinters-Unternehmensgruppe<\/h3>\n<p>Im Jahr 2016 bringt ein neuer Mehrheitsgesellschafter \u201egeduldiges\u201c Kapital mit. Auch ein weiterer \u201eoperativer\u201c Investor ist jetzt mit im Boot. Walter Meyer nutzt diese Ver\u00e4nderungen, um sich aus dem operativen Tagesgesch\u00e4ft zur\u00fcckzuziehen, bleibt jedoch weiterhin Gesellschafter und begleitet das Unternehmen auf seinem Weg zu einer Unternehmensgruppe. Zur gleichen Zeit werden kurz hintereinander mit der britischen Onlinedruckerei <a href=\"https:\/\/www.solopress.com\/\">Solopress<\/a> und dem skandinavischen Marktf\u00fchrer <a href=\"https:\/\/www.lasertryk.dk\/\">LaserTryk<\/a> zwei Gesellschaften erworben, die mittlerweile erfolgreich integriert sind \u2013 und wie Onlineprinters in diesem Jahr Jubil\u00e4en feiern: LaserTryk wird 20 Jahre, Solopress 15 Jahre. Die Onlineprinters-Gruppe wird heute von einer Dreifachspitze aus CEO Dr. Michael Fries, CFO Dirk A. M\u00fcller und CCO Christian W\u00fcrst geleitet.<\/p>\n<figure id=\"attachment_19811\" aria-describedby=\"caption-attachment-19811\" style=\"width: 720px\" class=\"wp-caption aligncenter\"><a href=\"https:\/\/de.onlineprinters.ch\/magazin\/wp-content\/uploads\/2019\/06\/de-int-onlineprinters-onlinedruck.jpg\"><img loading=\"lazy\" decoding=\"async\" class=\"td-modal-image wp-image-19811 size-full\" src=\"https:\/\/de.onlineprinters.ch\/magazin\/wp-content\/uploads\/2019\/06\/de-int-onlineprinters-onlinedruck.jpg\" alt=\"Flussdiagramm zur Veranschaulichung eines Produktionsprozesses: Kunden (z. B. Agenturen) werden zu Wiederverk\u00e4ufern, Direktbestellungen gelangen in die Produktion mit Druck, Zuschnitt, Weiterverarbeitung und Verpackung. Der Prozess legt Wert auf eine CO2-neutrale Lieferung.\" width=\"720\" height=\"960\" \/><\/a><figcaption id=\"caption-attachment-19811\" class=\"wp-caption-text\">Die Infografik zeigt die Funktionsweise des Onlinedrucks: Die Kunden k\u00f6nnen \u00fcber den Onlineshop rund um die Uhr individuelle Drucksachen zum g\u00fcnstigen Preis bestellen<\/figcaption><\/figure>\n<h2>Vom Shop zur Plattform<\/h2>\n<p>Walter Meyer hat einen produktionsorientierten Betrieb durch ein E-Commerce-Gesch\u00e4ftsmodell zukunftsf\u00e4hig gemacht und die Onlinedruck-Branche ma\u00dfgeblich mitgepr\u00e4gt. Heute geh\u00f6rt Onlineprinters zu den Top-3-Onlinedruckereien in Europa, betreibt in der Unternehmensgruppe dutzende L\u00e4ndershops und beliefert mehr als eine Million Kunden in insgesamt 30 L\u00e4ndern. 1.500 Mitarbeiter sind in der Onlineprinters-Gruppe t\u00e4tig und fertigen gemeinsam bis zu 10.000 Auftr\u00e4ge pro Tag. Onlineprinters hat die Druckbranche auch f\u00fcr junge Menschen wieder zu einem zukunftsf\u00e4higen Berufsfeld gemacht und ist ein beliebter Ausbildungsbetrieb.<\/p>\n<p>Heute entwickelt sich das Unternehmen zu einer Plattform, auf der Kunden nicht nur klassische Druckprodukte, sondern auch Werbeartikel und Textilien einkaufen k\u00f6nnen. Die Entwicklung geht immer weiter, denn ohne Ver\u00e4nderung ist kein dauerhafter Erfolg m\u00f6glich.<\/p>\n<div class=\"custom-background custom-background-dos\">\n<p><strong>Das r\u00e4t Walter Meyer Gr\u00fcndern und Selbstst\u00e4ndigen:<\/strong> \u201eMein wichtigster Tipp ist, immer die Kosten im Auge zu behalten und sich auf keinen Fall heillos zu \u00fcberschulden. Wenn es nicht so l\u00e4uft, wie man es sich vorstellt, ist es immer besser, fr\u00fcher als zu sp\u00e4t einen Schlussstrich zu ziehen, indem man etwas Neues ausprobiert oder sogar zur\u00fcck in eine Festanstellung geht.\u201c<\/p>\n<\/div>\n<p>&nbsp;<\/p>\n<div class=\"custom-background-grey\">\n<p><strong>Bildquelle: Onlineprinters GmbH<\/strong><\/p>\n<\/div>\n","protected":false},"excerpt":{"rendered":"<p>Firmengr\u00fcnder Walter Meyer erz\u00e4hlt im Interview, wie er die Onlineprinters-Unternehmensgruppe, die heute zu den Top-3-Onlinedruckereien in Europe geh\u00f6rt, Schritt f\u00fcr Schritt aufgebaut hat.<\/p>\n","protected":false},"author":11,"featured_media":18965,"comment_status":"open","ping_status":"open","sticky":false,"template":"","format":"standard","meta":{"footnotes":""},"categories":[10,39,45,47],"tags":[],"yoast_head":"<!-- This site is optimized with the Yoast SEO plugin v24.5 - https:\/\/yoast.com\/wordpress\/plugins\/seo\/ -->\n<title>15 Jahre Jubil\u00e4um: Gespr\u00e4ch mit Onlineprinters-Gr\u00fcnder Walter Meyer<\/title>\n<meta name=\"description\" content=\"Vor 15 Jahren launchte Walter Meyer den Onlineshop www.diedruckerei.de. Das Unternehmen beliefert heute Kunden in 30 L\u00e4ndern Europas mit Drucksachen.\" \/>\n<meta name=\"robots\" content=\"index, follow, max-snippet:-1, max-image-preview:large, max-video-preview:-1\" \/>\n<link rel=\"canonical\" href=\"https:\/\/de.onlineprinters.ch\/magazin\/15-jahre-onlineprinters-firmengruender-walter-meyer\/\" \/>\n<meta property=\"og:locale\" content=\"de_DE\" \/>\n<meta property=\"og:type\" content=\"article\" \/>\n<meta property=\"og:title\" content=\"15 Jahre Onlineprinters: Firmengr\u00fcnder Walter Meyer im Jubil\u00e4umsgespr\u00e4ch\" \/>\n<meta property=\"og:description\" content=\"Zum 15. Jubil\u00e4um von Onlineprinters erz\u00e4hlt Firmengr\u00fcnder Walter Meyer im Interview, wie er das Unternehmen Schritt f\u00fcr Schritt aufgebaut hat.\" \/>\n<meta property=\"og:url\" content=\"https:\/\/de.onlineprinters.ch\/magazin\/15-jahre-onlineprinters-firmengruender-walter-meyer\/\" \/>\n<meta property=\"og:site_name\" content=\"onlineprinters.ch Magazin\" \/>\n<meta property=\"article:published_time\" content=\"2019-05-15T14:43:19+00:00\" \/>\n<meta property=\"article:modified_time\" content=\"2025-04-23T12:26:36+00:00\" \/>\n<meta property=\"og:image\" content=\"https:\/\/de.onlineprinters.ch\/magazin\/wp-content\/uploads\/2019\/06\/15-jahre-jubilaeum-onlineprinters-diedruckerei-de-695x377.jpg\" \/>\n\t<meta property=\"og:image:width\" content=\"695\" \/>\n\t<meta property=\"og:image:height\" content=\"377\" \/>\n\t<meta property=\"og:image:type\" content=\"image\/jpeg\" \/>\n<meta name=\"author\" content=\"Christina\" \/>\n<meta name=\"twitter:card\" content=\"summary_large_image\" \/>\n<meta name=\"twitter:title\" content=\"15 Jahre Onlineprinters: Firmengr\u00fcnder Walter Meyer im Jubil\u00e4umsgespr\u00e4ch\" \/>\n<meta name=\"twitter:label1\" content=\"Verfasst von\" \/>\n\t<meta name=\"twitter:data1\" content=\"Christina\" \/>\n\t<meta name=\"twitter:label2\" content=\"Gesch\u00e4tzte Lesezeit\" \/>\n\t<meta name=\"twitter:data2\" content=\"11 Minuten\" \/>\n<script type=\"application\/ld+json\" class=\"yoast-schema-graph\">{\"@context\":\"https:\/\/schema.org\",\"@graph\":[{\"@type\":\"WebPage\",\"@id\":\"https:\/\/de.onlineprinters.ch\/magazin\/15-jahre-onlineprinters-firmengruender-walter-meyer\/\",\"url\":\"https:\/\/de.onlineprinters.ch\/magazin\/15-jahre-onlineprinters-firmengruender-walter-meyer\/\",\"name\":\"15 Jahre Jubil\u00e4um: Gespr\u00e4ch mit Onlineprinters-Gr\u00fcnder Walter Meyer\",\"isPartOf\":{\"@id\":\"https:\/\/de.onlineprinters.ch\/magazin\/#website\"},\"primaryImageOfPage\":{\"@id\":\"https:\/\/de.onlineprinters.ch\/magazin\/15-jahre-onlineprinters-firmengruender-walter-meyer\/#primaryimage\"},\"image\":{\"@id\":\"https:\/\/de.onlineprinters.ch\/magazin\/15-jahre-onlineprinters-firmengruender-walter-meyer\/#primaryimage\"},\"thumbnailUrl\":\"https:\/\/de.onlineprinters.ch\/magazin\/wp-content\/uploads\/2019\/06\/15-jahre-jubilaeum-onlineprinters-diedruckerei-de-695x377.jpg\",\"datePublished\":\"2019-05-15T14:43:19+00:00\",\"dateModified\":\"2025-04-23T12:26:36+00:00\",\"author\":{\"@id\":\"https:\/\/de.onlineprinters.ch\/magazin\/#\/schema\/person\/3f21b5d3875b61056c888537ec023970\"},\"description\":\"Vor 15 Jahren launchte Walter Meyer den Onlineshop www.diedruckerei.de. Das Unternehmen beliefert heute Kunden in 30 L\u00e4ndern Europas mit Drucksachen.\",\"inLanguage\":\"de-DE\",\"potentialAction\":[{\"@type\":\"ReadAction\",\"target\":[\"https:\/\/de.onlineprinters.ch\/magazin\/15-jahre-onlineprinters-firmengruender-walter-meyer\/\"]}]},{\"@type\":\"ImageObject\",\"inLanguage\":\"de-DE\",\"@id\":\"https:\/\/de.onlineprinters.ch\/magazin\/15-jahre-onlineprinters-firmengruender-walter-meyer\/#primaryimage\",\"url\":\"https:\/\/de.onlineprinters.ch\/magazin\/wp-content\/uploads\/2019\/06\/15-jahre-jubilaeum-onlineprinters-diedruckerei-de-695x377.jpg\",\"contentUrl\":\"https:\/\/de.onlineprinters.ch\/magazin\/wp-content\/uploads\/2019\/06\/15-jahre-jubilaeum-onlineprinters-diedruckerei-de-695x377.jpg\",\"width\":695,\"height\":377},{\"@type\":\"WebSite\",\"@id\":\"https:\/\/de.onlineprinters.ch\/magazin\/#website\",\"url\":\"https:\/\/de.onlineprinters.ch\/magazin\/\",\"name\":\"onlineprinters.ch Magazin\",\"description\":\"\",\"potentialAction\":[{\"@type\":\"SearchAction\",\"target\":{\"@type\":\"EntryPoint\",\"urlTemplate\":\"https:\/\/de.onlineprinters.ch\/magazin\/?s={search_term_string}\"},\"query-input\":{\"@type\":\"PropertyValueSpecification\",\"valueRequired\":true,\"valueName\":\"search_term_string\"}}],\"inLanguage\":\"de-DE\"},{\"@type\":\"Person\",\"@id\":\"https:\/\/de.onlineprinters.ch\/magazin\/#\/schema\/person\/3f21b5d3875b61056c888537ec023970\",\"name\":\"Christina\",\"image\":{\"@type\":\"ImageObject\",\"inLanguage\":\"de-DE\",\"@id\":\"https:\/\/de.onlineprinters.ch\/magazin\/#\/schema\/person\/image\/\",\"url\":\"https:\/\/de.onlineprinters.ch\/magazin\/wp-content\/uploads\/2016\/02\/Christina_Autorenbild_IMG_4464-2-150x150.jpg\",\"contentUrl\":\"https:\/\/de.onlineprinters.ch\/magazin\/wp-content\/uploads\/2016\/02\/Christina_Autorenbild_IMG_4464-2-150x150.jpg\",\"caption\":\"Christina\"},\"description\":\"Christina schreibt nach dem Motto \\\"weniger Worte - mehr Aussage\\\" oder wie Antoine de Saint-Exup\u00e9ry es ausgedr\u00fcckt hat: \\\"Perfektion ist nicht dann erreicht, wenn es nichts mehr hinzuzuf\u00fcgen gibt, sondern wenn man nichts mehr weglassen kann.\\\"\",\"url\":\"https:\/\/de.onlineprinters.ch\/magazin\/author\/christina\/\"}]}<\/script>\n<!-- \/ Yoast SEO plugin. -->","yoast_head_json":{"title":"15 Jahre Jubil\u00e4um: Gespr\u00e4ch mit Onlineprinters-Gr\u00fcnder Walter Meyer","description":"Vor 15 Jahren launchte Walter Meyer den Onlineshop www.diedruckerei.de. Das Unternehmen beliefert heute Kunden in 30 L\u00e4ndern Europas mit Drucksachen.","robots":{"index":"index","follow":"follow","max-snippet":"max-snippet:-1","max-image-preview":"max-image-preview:large","max-video-preview":"max-video-preview:-1"},"canonical":"https:\/\/de.onlineprinters.ch\/magazin\/15-jahre-onlineprinters-firmengruender-walter-meyer\/","og_locale":"de_DE","og_type":"article","og_title":"15 Jahre Onlineprinters: Firmengr\u00fcnder Walter Meyer im Jubil\u00e4umsgespr\u00e4ch","og_description":"Zum 15. Jubil\u00e4um von Onlineprinters erz\u00e4hlt Firmengr\u00fcnder Walter Meyer im Interview, wie er das Unternehmen Schritt f\u00fcr Schritt aufgebaut hat.","og_url":"https:\/\/de.onlineprinters.ch\/magazin\/15-jahre-onlineprinters-firmengruender-walter-meyer\/","og_site_name":"onlineprinters.ch Magazin","article_published_time":"2019-05-15T14:43:19+00:00","article_modified_time":"2025-04-23T12:26:36+00:00","og_image":[{"width":695,"height":377,"url":"https:\/\/de.onlineprinters.ch\/magazin\/wp-content\/uploads\/2019\/06\/15-jahre-jubilaeum-onlineprinters-diedruckerei-de-695x377.jpg","type":"image\/jpeg"}],"author":"Christina","twitter_card":"summary_large_image","twitter_title":"15 Jahre Onlineprinters: Firmengr\u00fcnder Walter Meyer im Jubil\u00e4umsgespr\u00e4ch","twitter_misc":{"Verfasst von":"Christina","Gesch\u00e4tzte Lesezeit":"11 Minuten"},"schema":{"@context":"https:\/\/schema.org","@graph":[{"@type":"WebPage","@id":"https:\/\/de.onlineprinters.ch\/magazin\/15-jahre-onlineprinters-firmengruender-walter-meyer\/","url":"https:\/\/de.onlineprinters.ch\/magazin\/15-jahre-onlineprinters-firmengruender-walter-meyer\/","name":"15 Jahre Jubil\u00e4um: Gespr\u00e4ch mit Onlineprinters-Gr\u00fcnder Walter Meyer","isPartOf":{"@id":"https:\/\/de.onlineprinters.ch\/magazin\/#website"},"primaryImageOfPage":{"@id":"https:\/\/de.onlineprinters.ch\/magazin\/15-jahre-onlineprinters-firmengruender-walter-meyer\/#primaryimage"},"image":{"@id":"https:\/\/de.onlineprinters.ch\/magazin\/15-jahre-onlineprinters-firmengruender-walter-meyer\/#primaryimage"},"thumbnailUrl":"https:\/\/de.onlineprinters.ch\/magazin\/wp-content\/uploads\/2019\/06\/15-jahre-jubilaeum-onlineprinters-diedruckerei-de-695x377.jpg","datePublished":"2019-05-15T14:43:19+00:00","dateModified":"2025-04-23T12:26:36+00:00","author":{"@id":"https:\/\/de.onlineprinters.ch\/magazin\/#\/schema\/person\/3f21b5d3875b61056c888537ec023970"},"description":"Vor 15 Jahren launchte Walter Meyer den Onlineshop www.diedruckerei.de. Das Unternehmen beliefert heute Kunden in 30 L\u00e4ndern Europas mit Drucksachen.","inLanguage":"de-DE","potentialAction":[{"@type":"ReadAction","target":["https:\/\/de.onlineprinters.ch\/magazin\/15-jahre-onlineprinters-firmengruender-walter-meyer\/"]}]},{"@type":"ImageObject","inLanguage":"de-DE","@id":"https:\/\/de.onlineprinters.ch\/magazin\/15-jahre-onlineprinters-firmengruender-walter-meyer\/#primaryimage","url":"https:\/\/de.onlineprinters.ch\/magazin\/wp-content\/uploads\/2019\/06\/15-jahre-jubilaeum-onlineprinters-diedruckerei-de-695x377.jpg","contentUrl":"https:\/\/de.onlineprinters.ch\/magazin\/wp-content\/uploads\/2019\/06\/15-jahre-jubilaeum-onlineprinters-diedruckerei-de-695x377.jpg","width":695,"height":377},{"@type":"WebSite","@id":"https:\/\/de.onlineprinters.ch\/magazin\/#website","url":"https:\/\/de.onlineprinters.ch\/magazin\/","name":"onlineprinters.ch Magazin","description":"","potentialAction":[{"@type":"SearchAction","target":{"@type":"EntryPoint","urlTemplate":"https:\/\/de.onlineprinters.ch\/magazin\/?s={search_term_string}"},"query-input":{"@type":"PropertyValueSpecification","valueRequired":true,"valueName":"search_term_string"}}],"inLanguage":"de-DE"},{"@type":"Person","@id":"https:\/\/de.onlineprinters.ch\/magazin\/#\/schema\/person\/3f21b5d3875b61056c888537ec023970","name":"Christina","image":{"@type":"ImageObject","inLanguage":"de-DE","@id":"https:\/\/de.onlineprinters.ch\/magazin\/#\/schema\/person\/image\/","url":"https:\/\/de.onlineprinters.ch\/magazin\/wp-content\/uploads\/2016\/02\/Christina_Autorenbild_IMG_4464-2-150x150.jpg","contentUrl":"https:\/\/de.onlineprinters.ch\/magazin\/wp-content\/uploads\/2016\/02\/Christina_Autorenbild_IMG_4464-2-150x150.jpg","caption":"Christina"},"description":"Christina schreibt nach dem Motto \"weniger Worte - mehr Aussage\" oder wie Antoine de Saint-Exup\u00e9ry es ausgedr\u00fcckt hat: \"Perfektion ist nicht dann erreicht, wenn es nichts mehr hinzuzuf\u00fcgen gibt, sondern wenn man nichts mehr weglassen kann.\"","url":"https:\/\/de.onlineprinters.ch\/magazin\/author\/christina\/"}]}},"_links":{"self":[{"href":"https:\/\/de.onlineprinters.ch\/magazin\/wp-json\/wp\/v2\/posts\/19773"}],"collection":[{"href":"https:\/\/de.onlineprinters.ch\/magazin\/wp-json\/wp\/v2\/posts"}],"about":[{"href":"https:\/\/de.onlineprinters.ch\/magazin\/wp-json\/wp\/v2\/types\/post"}],"author":[{"embeddable":true,"href":"https:\/\/de.onlineprinters.ch\/magazin\/wp-json\/wp\/v2\/users\/11"}],"replies":[{"embeddable":true,"href":"https:\/\/de.onlineprinters.ch\/magazin\/wp-json\/wp\/v2\/comments?post=19773"}],"version-history":[{"count":6,"href":"https:\/\/de.onlineprinters.ch\/magazin\/wp-json\/wp\/v2\/posts\/19773\/revisions"}],"predecessor-version":[{"id":41905,"href":"https:\/\/de.onlineprinters.ch\/magazin\/wp-json\/wp\/v2\/posts\/19773\/revisions\/41905"}],"wp:featuredmedia":[{"embeddable":true,"href":"https:\/\/de.onlineprinters.ch\/magazin\/wp-json\/wp\/v2\/media\/18965"}],"wp:attachment":[{"href":"https:\/\/de.onlineprinters.ch\/magazin\/wp-json\/wp\/v2\/media?parent=19773"}],"wp:term":[{"taxonomy":"category","embeddable":true,"href":"https:\/\/de.onlineprinters.ch\/magazin\/wp-json\/wp\/v2\/categories?post=19773"},{"taxonomy":"post_tag","embeddable":true,"href":"https:\/\/de.onlineprinters.ch\/magazin\/wp-json\/wp\/v2\/tags?post=19773"}],"curies":[{"name":"wp","href":"https:\/\/api.w.org\/{rel}","templated":true}]}}